{"id":1665,"date":"2021-02-23T10:15:42","date_gmt":"2021-02-23T09:15:42","guid":{"rendered":"https:\/\/www.unispedag.it\/2021\/04\/16\/covid-19-novita-sulliva-per-le-importazioni-dei-beni-necessari-al-contenimento-e-alla-gestione-dellemergenza-copy\/"},"modified":"2021-04-16T10:28:21","modified_gmt":"2021-04-16T08:28:21","slug":"relazione-speciale-della-corte-conti-europea-sullinsufficiente-armonizzazione-dei-controlli-doganali","status":"publish","type":"post","link":"https:\/\/www.unispedag.it\/en\/2021\/02\/23\/relazione-speciale-della-corte-conti-europea-sullinsufficiente-armonizzazione-dei-controlli-doganali\/","title":{"rendered":"Relazione Speciale della Corte Conti europea sull&#8217;insufficiente armonizzazione dei controlli doganali"},"content":{"rendered":"<div class=\"fusion-fullwidth fullwidth-box fusion-builder-row-1 nonhundred-percent-fullwidth non-hundred-percent-height-scrolling\" style=\"--awb-background-position:left top;--awb-border-sizes-top:0px;--awb-border-sizes-bottom:0px;--awb-border-sizes-left:0px;--awb-border-sizes-right:0px;--awb-border-radius-top-left:0px;--awb-border-radius-top-right:0px;--awb-border-radius-bottom-right:0px;--awb-border-radius-bottom-left:0px;--awb-padding-top:0px;--awb-padding-bottom:20px;--awb-flex-wrap:wrap;\" ><div class=\"fusion-builder-row fusion-row\"><div class=\"fusion-layout-column fusion_builder_column fusion-builder-column-0 fusion_builder_column_1_1 1_1 fusion-one-full fusion-column-first fusion-column-last\" style=\"--awb-padding-right:10%;--awb-padding-left:10%;--awb-bg-size:cover;\"><div class=\"fusion-column-wrapper fusion-flex-column-wrapper-legacy\"><div class=\"fusion-image-element fusion-image-align-center in-legacy-container\" style=\"text-align:center;--awb-caption-title-font-family:var(--h2_typography-font-family);--awb-caption-title-font-weight:var(--h2_typography-font-weight);--awb-caption-title-font-style:var(--h2_typography-font-style);--awb-caption-title-size:var(--h2_typography-font-size);--awb-caption-title-transform:var(--h2_typography-text-transform);--awb-caption-title-line-height:var(--h2_typography-line-height);--awb-caption-title-letter-spacing:var(--h2_typography-letter-spacing);\"><div class=\"imageframe-align-center\"><span class=\" fusion-imageframe imageframe-none imageframe-1 hover-type-none\"><img decoding=\"async\" width=\"30\" height=\"16\" title=\"divide\" src=\"https:\/\/www.unispedag.it\/wp-content\/uploads\/2016\/07\/divide-1.png\" alt class=\"img-responsive wp-image-144\"\/><\/span><\/div><\/div><div class=\"fusion-sep-clear\"><\/div><div class=\"fusion-separator fusion-full-width-sep\" style=\"margin-left: auto;margin-right: auto;margin-top:20px;width:100%;\"><\/div><div class=\"fusion-sep-clear\"><\/div><div class=\"fusion-image-element fusion-image-align-center in-legacy-container\" style=\"text-align:center;--awb-liftup-border-radius:0px;--awb-caption-title-font-family:var(--h2_typography-font-family);--awb-caption-title-font-weight:var(--h2_typography-font-weight);--awb-caption-title-font-style:var(--h2_typography-font-style);--awb-caption-title-size:var(--h2_typography-font-size);--awb-caption-title-transform:var(--h2_typography-text-transform);--awb-caption-title-line-height:var(--h2_typography-line-height);--awb-caption-title-letter-spacing:var(--h2_typography-letter-spacing);\"><div class=\"imageframe-align-center\"><div class=\"awb-image-frame awb-image-frame-2 imageframe-liftup\"><span class=\" fusion-imageframe imageframe-none imageframe-2\"><a href=\"https:\/\/www.unispedag.it\/wp-content\/uploads\/2021\/04\/corte-conti-UE.jpg\" class=\"fusion-lightbox\" data-rel=\"iLightbox[50b77e8ddf06fcf061f]\" data-title=\"corte-conti-UE\" title=\"corte-conti-UE\"><img decoding=\"async\" width=\"1920\" height=\"1280\" src=\"https:\/\/www.unispedag.it\/wp-content\/uploads\/2021\/04\/corte-conti-UE.jpg\" alt class=\"img-responsive wp-image-1671\" srcset=\"https:\/\/www.unispedag.it\/wp-content\/uploads\/2021\/04\/corte-conti-UE-200x133.jpg 200w, https:\/\/www.unispedag.it\/wp-content\/uploads\/2021\/04\/corte-conti-UE-400x267.jpg 400w, https:\/\/www.unispedag.it\/wp-content\/uploads\/2021\/04\/corte-conti-UE-600x400.jpg 600w, https:\/\/www.unispedag.it\/wp-content\/uploads\/2021\/04\/corte-conti-UE-800x533.jpg 800w, https:\/\/www.unispedag.it\/wp-content\/uploads\/2021\/04\/corte-conti-UE-1200x800.jpg 1200w, https:\/\/www.unispedag.it\/wp-content\/uploads\/2021\/04\/corte-conti-UE.jpg 1920w\" sizes=\"(max-width: 1000px) 100vw, 1200px\" \/><\/a><\/span><\/div><\/div><\/div><div class=\"fusion-sep-clear\"><\/div><div class=\"fusion-separator fusion-full-width-sep\" style=\"margin-left: auto;margin-right: auto;margin-top:50px;width:100%;\"><\/div><div class=\"fusion-sep-clear\"><\/div><div class=\"fusion-text fusion-text-1\"><p><span class=\"fusion-dropcap dropcap dropcap-boxed\" style=\"--awb-border-radius:50%;\">N<\/span>el campo delle dogane, l\u2019UE gode di competenza esclusiva quanto all\u2019adozione della normativa, mentre gli Stati membri sono responsabili dell\u2019attuazione di tali norme.<span id=\"more-17866\"><\/span><\/p>\n<p>Con la <a href=\"https:\/\/www.unispedag.it\/wp-content\/uploads\/2021\/04\/REL-SPEC-4_2021-23.2.21-CORTE-CONTI-UE-CONTROLLI-DOG.LI_.pdf\">Relazione Speciale del 23 febbraio 2021<\/a>, la Corte dei Conti europea evidenzia la necessit\u00e0 di facilitare gli scambi, con procedure di importazione pi\u00f9 rapide e fluide e la necessit\u00e0 di effettuare controlli doganali, compito cruciale in capo alle autorit\u00e0 degli Stati membri.<\/p>\n<p>La Corte sottolinea che, per impedire che venga commessa frode ove il livello dei controlli \u00e8 minore, gli Stati membri debbano applicare i controlli doganali in modo uniforme. Il Codice Doganale dell\u2019Unione impone, a partire dal 2016, alla Commissione di prendere le misure necessarie per assicurarsi che gli Stati membri applichino i controlli doganali in modo uniforme. Perseguendo detto obiettivo, la Commissione nel 2018 ha adottato la decisione di esecuzione su criteri e norme comuni in materia di rischi finanziari al fine di armonizzare la selezione, da parte degli Stati membri, delle importazioni a fini di controllo. Detta decisione \u00e8 corredata di orientamenti, approvati dagli Stati membri nel 2019. Questi due documenti (la decisione CRF e gli orientamenti) costituiscono il quadro doganale in materia di rischi finanziari.<\/p>\n<p>Ogni Stato membro pu\u00f2 ridurre il numero di controlli raccomandati a seguito dell\u2019analisi dei rischi da esso effettuata ad un livello realistico in termini di fattibilit\u00e0 in base alle risorse. La Corte ha osservato che gli Stati membri non applicavano procedure simili per ridurre il numero dei controlli, e di conseguenza le pratiche adottate a livello nazionale per ovviare a rischi simili erano diverse. Ha inoltre constatato che gli Stati membri non sottoponevano tutte le dichiarazioni ad una analisi automatizzata dei rischi, come invece prescritto dalla decisione CRF.<\/p>\n<p>In conclusione la Corte raccomanda alla Commissione di rafforzare l\u2019uniformit\u00e0 dei controlli doganali e sviluppare un\u2019analisi a tutto campo e una effettiva capacit\u00e0 di coordinamento a livello UE.<\/p>\n<\/div><div class=\"fusion-sep-clear\"><\/div><div class=\"fusion-separator fusion-full-width-sep\" style=\"margin-left: auto;margin-right: auto;margin-top:30px;width:100%;\"><\/div><div class=\"fusion-sep-clear\"><\/div><div class=\"fusion-social-links fusion-social-links-1\" style=\"--awb-margin-top:0px;--awb-margin-right:0px;--awb-margin-bottom:0px;--awb-margin-left:0px;--awb-box-border-top:0px;--awb-box-border-right:0px;--awb-box-border-bottom:0px;--awb-box-border-left:0px;--awb-icon-colors-hover:rgba(190,189,189,0.8);--awb-box-colors-hover:rgba(232,232,232,0.8);--awb-box-border-color:var(--awb-color3);--awb-box-border-color-hover:var(--awb-color4);\"><div class=\"fusion-social-networks color-type-custom\"><div class=\"fusion-social-networks-wrapper\"><\/div><\/div><\/div><div class=\"fusion-clearfix\"><\/div><\/div><\/div><\/div><\/div>\n","protected":false},"excerpt":{"rendered":"<p>Con la Relazione Speciale del 23 febbraio 2021, la Corte dei Conti europea evidenzia la necessit\u00e0 di facilitare gli scambi, con procedure di importazione pi\u00f9 rapide e fluide e  la necessit\u00e0 di effettuare controlli doganali, compito cruciale in capo alle autorit\u00e0 degli Stati membri.<\/p>","protected":false},"author":3,"featured_media":1671,"comment_status":"open","ping_status":"open","sticky":false,"template":"","format":"standard","meta":{"footnotes":""},"categories":[16,3],"tags":[56,57],"class_list":["post-1665","post","type-post","status-publish","format-standard","has-post-thumbnail","hentry","category-norme-europee","category-latest-articles","tag-covid-19","tag-iva"],"aioseo_notices":[],"aioseo_head":"\n\t\t<!-- All in One SEO 5.0.0.1 - aioseo.com -->\n\t<meta name=\"robots\" content=\"max-image-preview:large\" \/>\n\t<meta name=\"author\" content=\"Redazione Unisped\"\/>\n\t<link rel=\"canonical\" href=\"https:\/\/www.unispedag.it\/en\/2021\/02\/23\/relazione-speciale-della-corte-conti-europea-sullinsufficiente-armonizzazione-dei-controlli-doganali\/\" \/>\n\t<meta name=\"generator\" content=\"All in One SEO (AIOSEO) 5.0.0.1\" \/>\n\t\t<script type=\"application\/ld+json\" class=\"aioseo-schema\">\n\t\t\t{\"@context\":\"https:\\\/\\\/schema.org\",\"@graph\":[{\"@type\":\"Article\",\"@id\":\"https:\\\/\\\/www.unispedag.it\\\/en\\\/2021\\\/02\\\/23\\\/relazione-speciale-della-corte-conti-europea-sullinsufficiente-armonizzazione-dei-controlli-doganali\\\/#article\",\"name\":\"Relazione Speciale della Corte Conti europea sull\\u2019insufficiente armonizzazione dei controlli doganali | UNISPED A.G.\",\"headline\":\"Relazione Speciale della Corte Conti europea sull&#8217;insufficiente armonizzazione dei controlli doganali\",\"author\":{\"@id\":\"https:\\\/\\\/www.unispedag.it\\\/en\\\/author\\\/redazione\\\/#author\"},\"publisher\":{\"@id\":\"https:\\\/\\\/www.unispedag.it\\\/en\\\/#organization\"},\"image\":{\"@type\":\"ImageObject\",\"url\":\"https:\\\/\\\/www.unispedag.it\\\/wp-content\\\/uploads\\\/2021\\\/04\\\/corte-conti-UE.jpg\",\"width\":1920,\"height\":1280},\"datePublished\":\"2021-02-23T10:15:42+01:00\",\"dateModified\":\"2021-04-16T10:28:21+02:00\",\"inLanguage\":\"en-GB\",\"mainEntityOfPage\":{\"@id\":\"https:\\\/\\\/www.unispedag.it\\\/en\\\/2021\\\/02\\\/23\\\/relazione-speciale-della-corte-conti-europea-sullinsufficiente-armonizzazione-dei-controlli-doganali\\\/#webpage\"},\"isPartOf\":{\"@id\":\"https:\\\/\\\/www.unispedag.it\\\/en\\\/2021\\\/02\\\/23\\\/relazione-speciale-della-corte-conti-europea-sullinsufficiente-armonizzazione-dei-controlli-doganali\\\/#webpage\"},\"articleSection\":\"Norme europee, Ultimi Articoli, COVID-19, IVA\"},{\"@type\":\"BreadcrumbList\",\"@id\":\"https:\\\/\\\/www.unispedag.it\\\/en\\\/2021\\\/02\\\/23\\\/relazione-speciale-della-corte-conti-europea-sullinsufficiente-armonizzazione-dei-controlli-doganali\\\/#breadcrumblist\",\"itemListElement\":[{\"@type\":\"ListItem\",\"@id\":\"https:\\\/\\\/www.unispedag.it\\\/en#listItem\",\"position\":1,\"name\":\"Home\",\"item\":\"https:\\\/\\\/www.unispedag.it\\\/en\",\"nextItem\":{\"@type\":\"ListItem\",\"@id\":\"https:\\\/\\\/www.unispedag.it\\\/en\\\/category\\\/latest-articles\\\/#listItem\",\"name\":\"Ultimi Articoli\"}},{\"@type\":\"ListItem\",\"@id\":\"https:\\\/\\\/www.unispedag.it\\\/en\\\/category\\\/latest-articles\\\/#listItem\",\"position\":2,\"name\":\"Ultimi Articoli\",\"item\":\"https:\\\/\\\/www.unispedag.it\\\/en\\\/category\\\/latest-articles\\\/\",\"nextItem\":{\"@type\":\"ListItem\",\"@id\":\"https:\\\/\\\/www.unispedag.it\\\/en\\\/2021\\\/02\\\/23\\\/relazione-speciale-della-corte-conti-europea-sullinsufficiente-armonizzazione-dei-controlli-doganali\\\/#listItem\",\"name\":\"Relazione Speciale della Corte Conti europea sull&#8217;insufficiente armonizzazione dei controlli doganali\"},\"previousItem\":{\"@type\":\"ListItem\",\"@id\":\"https:\\\/\\\/www.unispedag.it\\\/en#listItem\",\"name\":\"Home\"}},{\"@type\":\"ListItem\",\"@id\":\"https:\\\/\\\/www.unispedag.it\\\/en\\\/2021\\\/02\\\/23\\\/relazione-speciale-della-corte-conti-europea-sullinsufficiente-armonizzazione-dei-controlli-doganali\\\/#listItem\",\"position\":3,\"name\":\"Relazione Speciale della Corte Conti europea sull&#8217;insufficiente armonizzazione dei controlli doganali\",\"previousItem\":{\"@type\":\"ListItem\",\"@id\":\"https:\\\/\\\/www.unispedag.it\\\/en\\\/category\\\/latest-articles\\\/#listItem\",\"name\":\"Ultimi Articoli\"}}]},{\"@type\":\"Organization\",\"@id\":\"https:\\\/\\\/www.unispedag.it\\\/en\\\/#organization\",\"name\":\"UNISPED A.G.\",\"description\":\"UNISPED AG - Spedizioni internazionali - International forwarding\",\"url\":\"https:\\\/\\\/www.unispedag.it\\\/en\\\/\"},{\"@type\":\"Person\",\"@id\":\"https:\\\/\\\/www.unispedag.it\\\/en\\\/author\\\/redazione\\\/#author\",\"url\":\"https:\\\/\\\/www.unispedag.it\\\/en\\\/author\\\/redazione\\\/\",\"name\":\"Redazione Unisped\",\"image\":{\"@type\":\"ImageObject\",\"@id\":\"https:\\\/\\\/www.unispedag.it\\\/en\\\/2021\\\/02\\\/23\\\/relazione-speciale-della-corte-conti-europea-sullinsufficiente-armonizzazione-dei-controlli-doganali\\\/#authorImage\",\"url\":\"https:\\\/\\\/secure.gravatar.com\\\/avatar\\\/1b8218932dceac58d433de69dd556b8931e7b12e50248bd86b8036c161b86df1?s=96&d=mm&r=g\",\"width\":96,\"height\":96,\"caption\":\"Redazione Unisped\"}},{\"@type\":\"WebPage\",\"@id\":\"https:\\\/\\\/www.unispedag.it\\\/en\\\/2021\\\/02\\\/23\\\/relazione-speciale-della-corte-conti-europea-sullinsufficiente-armonizzazione-dei-controlli-doganali\\\/#webpage\",\"url\":\"https:\\\/\\\/www.unispedag.it\\\/en\\\/2021\\\/02\\\/23\\\/relazione-speciale-della-corte-conti-europea-sullinsufficiente-armonizzazione-dei-controlli-doganali\\\/\",\"name\":\"Relazione Speciale della Corte Conti europea sull\\u2019insufficiente armonizzazione dei controlli doganali | UNISPED A.G.\",\"inLanguage\":\"en-GB\",\"isPartOf\":{\"@id\":\"https:\\\/\\\/www.unispedag.it\\\/en\\\/#website\"},\"breadcrumb\":{\"@id\":\"https:\\\/\\\/www.unispedag.it\\\/en\\\/2021\\\/02\\\/23\\\/relazione-speciale-della-corte-conti-europea-sullinsufficiente-armonizzazione-dei-controlli-doganali\\\/#breadcrumblist\"},\"author\":{\"@id\":\"https:\\\/\\\/www.unispedag.it\\\/en\\\/author\\\/redazione\\\/#author\"},\"creator\":{\"@id\":\"https:\\\/\\\/www.unispedag.it\\\/en\\\/author\\\/redazione\\\/#author\"},\"image\":{\"@type\":\"ImageObject\",\"url\":\"https:\\\/\\\/www.unispedag.it\\\/wp-content\\\/uploads\\\/2021\\\/04\\\/corte-conti-UE.jpg\",\"@id\":\"https:\\\/\\\/www.unispedag.it\\\/en\\\/2021\\\/02\\\/23\\\/relazione-speciale-della-corte-conti-europea-sullinsufficiente-armonizzazione-dei-controlli-doganali\\\/#mainImage\",\"width\":1920,\"height\":1280},\"primaryImageOfPage\":{\"@id\":\"https:\\\/\\\/www.unispedag.it\\\/en\\\/2021\\\/02\\\/23\\\/relazione-speciale-della-corte-conti-europea-sullinsufficiente-armonizzazione-dei-controlli-doganali\\\/#mainImage\"},\"datePublished\":\"2021-02-23T10:15:42+01:00\",\"dateModified\":\"2021-04-16T10:28:21+02:00\"},{\"@type\":\"WebSite\",\"@id\":\"https:\\\/\\\/www.unispedag.it\\\/en\\\/#website\",\"url\":\"https:\\\/\\\/www.unispedag.it\\\/en\\\/\",\"name\":\"UNISPED A.G.\",\"description\":\"UNISPED AG - Spedizioni internazionali - International forwarding\",\"inLanguage\":\"en-GB\",\"publisher\":{\"@id\":\"https:\\\/\\\/www.unispedag.it\\\/en\\\/#organization\"}}]}\n\t\t<\/script>\n\t\t<!-- All in One SEO -->\n\n","aioseo_head_json":{"title":"Relazione Speciale della Corte Conti europea sull\u2019insufficiente armonizzazione dei controlli doganali | UNISPED A.G.","description":"","canonical_url":"https:\/\/www.unispedag.it\/en\/2021\/02\/23\/relazione-speciale-della-corte-conti-europea-sullinsufficiente-armonizzazione-dei-controlli-doganali\/","robots":"max-image-preview:large","keywords":"","webmasterTools":{"miscellaneous":""},"schema":{"@context":"https:\/\/schema.org","@graph":[{"@type":"Article","@id":"https:\/\/www.unispedag.it\/en\/2021\/02\/23\/relazione-speciale-della-corte-conti-europea-sullinsufficiente-armonizzazione-dei-controlli-doganali\/#article","name":"Relazione Speciale della Corte Conti europea sull\u2019insufficiente armonizzazione dei controlli doganali | UNISPED A.G.","headline":"Relazione Speciale della Corte Conti europea sull&#8217;insufficiente armonizzazione dei controlli doganali","author":{"@id":"https:\/\/www.unispedag.it\/en\/author\/redazione\/#author"},"publisher":{"@id":"https:\/\/www.unispedag.it\/en\/#organization"},"image":{"@type":"ImageObject","url":"https:\/\/www.unispedag.it\/wp-content\/uploads\/2021\/04\/corte-conti-UE.jpg","width":1920,"height":1280},"datePublished":"2021-02-23T10:15:42+01:00","dateModified":"2021-04-16T10:28:21+02:00","inLanguage":"en-GB","mainEntityOfPage":{"@id":"https:\/\/www.unispedag.it\/en\/2021\/02\/23\/relazione-speciale-della-corte-conti-europea-sullinsufficiente-armonizzazione-dei-controlli-doganali\/#webpage"},"isPartOf":{"@id":"https:\/\/www.unispedag.it\/en\/2021\/02\/23\/relazione-speciale-della-corte-conti-europea-sullinsufficiente-armonizzazione-dei-controlli-doganali\/#webpage"},"articleSection":"Norme europee, Ultimi Articoli, COVID-19, IVA"},{"@type":"BreadcrumbList","@id":"https:\/\/www.unispedag.it\/en\/2021\/02\/23\/relazione-speciale-della-corte-conti-europea-sullinsufficiente-armonizzazione-dei-controlli-doganali\/#breadcrumblist","itemListElement":[{"@type":"ListItem","@id":"https:\/\/www.unispedag.it\/en#listItem","position":1,"name":"Home","item":"https:\/\/www.unispedag.it\/en","nextItem":{"@type":"ListItem","@id":"https:\/\/www.unispedag.it\/en\/category\/latest-articles\/#listItem","name":"Ultimi Articoli"}},{"@type":"ListItem","@id":"https:\/\/www.unispedag.it\/en\/category\/latest-articles\/#listItem","position":2,"name":"Ultimi Articoli","item":"https:\/\/www.unispedag.it\/en\/category\/latest-articles\/","nextItem":{"@type":"ListItem","@id":"https:\/\/www.unispedag.it\/en\/2021\/02\/23\/relazione-speciale-della-corte-conti-europea-sullinsufficiente-armonizzazione-dei-controlli-doganali\/#listItem","name":"Relazione Speciale della Corte Conti europea sull&#8217;insufficiente armonizzazione dei controlli doganali"},"previousItem":{"@type":"ListItem","@id":"https:\/\/www.unispedag.it\/en#listItem","name":"Home"}},{"@type":"ListItem","@id":"https:\/\/www.unispedag.it\/en\/2021\/02\/23\/relazione-speciale-della-corte-conti-europea-sullinsufficiente-armonizzazione-dei-controlli-doganali\/#listItem","position":3,"name":"Relazione Speciale della Corte Conti europea sull&#8217;insufficiente armonizzazione dei controlli doganali","previousItem":{"@type":"ListItem","@id":"https:\/\/www.unispedag.it\/en\/category\/latest-articles\/#listItem","name":"Ultimi Articoli"}}]},{"@type":"Organization","@id":"https:\/\/www.unispedag.it\/en\/#organization","name":"UNISPED A.G.","description":"UNISPED AG - Spedizioni internazionali - International forwarding","url":"https:\/\/www.unispedag.it\/en\/"},{"@type":"Person","@id":"https:\/\/www.unispedag.it\/en\/author\/redazione\/#author","url":"https:\/\/www.unispedag.it\/en\/author\/redazione\/","name":"Redazione Unisped","image":{"@type":"ImageObject","@id":"https:\/\/www.unispedag.it\/en\/2021\/02\/23\/relazione-speciale-della-corte-conti-europea-sullinsufficiente-armonizzazione-dei-controlli-doganali\/#authorImage","url":"https:\/\/secure.gravatar.com\/avatar\/1b8218932dceac58d433de69dd556b8931e7b12e50248bd86b8036c161b86df1?s=96&d=mm&r=g","width":96,"height":96,"caption":"Redazione Unisped"}},{"@type":"WebPage","@id":"https:\/\/www.unispedag.it\/en\/2021\/02\/23\/relazione-speciale-della-corte-conti-europea-sullinsufficiente-armonizzazione-dei-controlli-doganali\/#webpage","url":"https:\/\/www.unispedag.it\/en\/2021\/02\/23\/relazione-speciale-della-corte-conti-europea-sullinsufficiente-armonizzazione-dei-controlli-doganali\/","name":"Relazione Speciale della Corte Conti europea sull\u2019insufficiente armonizzazione dei controlli doganali | UNISPED A.G.","inLanguage":"en-GB","isPartOf":{"@id":"https:\/\/www.unispedag.it\/en\/#website"},"breadcrumb":{"@id":"https:\/\/www.unispedag.it\/en\/2021\/02\/23\/relazione-speciale-della-corte-conti-europea-sullinsufficiente-armonizzazione-dei-controlli-doganali\/#breadcrumblist"},"author":{"@id":"https:\/\/www.unispedag.it\/en\/author\/redazione\/#author"},"creator":{"@id":"https:\/\/www.unispedag.it\/en\/author\/redazione\/#author"},"image":{"@type":"ImageObject","url":"https:\/\/www.unispedag.it\/wp-content\/uploads\/2021\/04\/corte-conti-UE.jpg","@id":"https:\/\/www.unispedag.it\/en\/2021\/02\/23\/relazione-speciale-della-corte-conti-europea-sullinsufficiente-armonizzazione-dei-controlli-doganali\/#mainImage","width":1920,"height":1280},"primaryImageOfPage":{"@id":"https:\/\/www.unispedag.it\/en\/2021\/02\/23\/relazione-speciale-della-corte-conti-europea-sullinsufficiente-armonizzazione-dei-controlli-doganali\/#mainImage"},"datePublished":"2021-02-23T10:15:42+01:00","dateModified":"2021-04-16T10:28:21+02:00"},{"@type":"WebSite","@id":"https:\/\/www.unispedag.it\/en\/#website","url":"https:\/\/www.unispedag.it\/en\/","name":"UNISPED A.G.","description":"UNISPED AG - Spedizioni internazionali - International forwarding","inLanguage":"en-GB","publisher":{"@id":"https:\/\/www.unispedag.it\/en\/#organization"}}]}},"aioseo_meta_data":{"post_id":"1665","title":null,"description":null,"keywords":[],"keyphrases":{"focus":[],"additional":[]},"primary_term":null,"canonical_url":null,"og_title":null,"og_description":null,"og_object_type":"default","og_image_type":"default","og_image_url":null,"og_image_width":null,"og_image_height":null,"og_image_custom_url":null,"og_image_custom_fields":null,"og_video":"","og_custom_url":null,"og_article_section":null,"og_article_tags":[],"twitter_use_og":false,"twitter_card":"default","twitter_image_type":"default","twitter_image_url":null,"twitter_image_custom_url":null,"twitter_image_custom_fields":null,"twitter_title":null,"twitter_description":null,"schema":{"blockGraphs":[],"customGraphs":[],"default":{"data":{"Article":[],"Course":[],"Dataset":[],"FAQPage":[],"Movie":[],"Person":[],"Product":[],"ProductReview":[],"Car":[],"Recipe":[],"Service":[],"SoftwareApplication":[],"WebPage":[]},"graphName":"Article","isEnabled":true},"graphs":[]},"schema_type":"none","schema_type_options":"{\"webPage\":{\"webPageType\":\"WebPage\"},\"article\":{\"articleType\":\"BlogPosting\"},\"book\":[],\"course\":[],\"event\":[],\"jobPosting\":[],\"music\":[],\"person\":[],\"product\":[],\"recipe\":[],\"restaurant\":[],\"service\":[],\"software\":[],\"video\":[]}","pillar_content":false,"robots_default":true,"robots_noindex":false,"robots_noarchive":false,"robots_nosnippet":false,"robots_nofollow":false,"robots_noimageindex":false,"robots_noodp":false,"robots_notranslate":false,"robots_max_snippet":"-1","robots_max_videopreview":"-1","robots_max_imagepreview":"large","priority":null,"frequency":"default","location":null,"local_seo":{"businessInfo":{"name":"","urls":{"website":"","aboutPage":"","contactPage":""},"address":{"line1":"","line2":"","zip":"","city":"","state":"","country":""},"contact":{"email":"","phone":"","fax":""},"ids":{"vatID":"","taxID":"","chamberID":""},"payment":{"priceIndication":"","currenciesAccepted":"","methodsAccepted":""},"areaServed":""},"openingHours":{"show":false,"closedLabel":"","open24h":false,"open24hLabel":"","open247":false,"use24hFormat":false,"twoSets":false,"timezone":"","hours":[]}},"breadcrumb_settings":null,"limit_modified_date":false,"ai":null,"created":"2021-04-16 08:15:46","updated":"2025-06-26 12:38:53","seo_analyzer_scan_date":null,"focus_keyword":null,"additional_keywords":null,"truseo_locale":null},"aioseo_breadcrumb":"<div class=\"aioseo-breadcrumbs\"><span class=\"aioseo-breadcrumb\">\n\t\t\t<a href=\"https:\/\/www.unispedag.it\/en\" title=\"Home\">Home<\/a>\n\t\t<\/span><span class=\"aioseo-breadcrumb-separator\">&raquo;<\/span><span class=\"aioseo-breadcrumb\">\n\t\t\t<a href=\"https:\/\/www.unispedag.it\/en\/category\/latest-articles\/\" title=\"Ultimi Articoli\">Ultimi Articoli<\/a>\n\t\t<\/span><span class=\"aioseo-breadcrumb-separator\">&raquo;<\/span><span class=\"aioseo-breadcrumb\">\n\t\t\tRelazione Speciale della Corte Conti europea sull\u2019insufficiente armonizzazione dei controlli doganali\n\t\t<\/span><\/div>","aioseo_breadcrumb_json":[{"label":"Home","link":"https:\/\/www.unispedag.it\/en"},{"label":"Ultimi Articoli","link":"https:\/\/www.unispedag.it\/en\/category\/latest-articles\/"},{"label":"Relazione Speciale della Corte Conti europea sull&#8217;insufficiente armonizzazione dei controlli doganali","link":"https:\/\/www.unispedag.it\/en\/2021\/02\/23\/relazione-speciale-della-corte-conti-europea-sullinsufficiente-armonizzazione-dei-controlli-doganali\/"}],"_links":{"self":[{"href":"https:\/\/www.unispedag.it\/en\/wp-json\/wp\/v2\/posts\/1665","targetHints":{"allow":["GET"]}}],"collection":[{"href":"https:\/\/www.unispedag.it\/en\/wp-json\/wp\/v2\/posts"}],"about":[{"href":"https:\/\/www.unispedag.it\/en\/wp-json\/wp\/v2\/types\/post"}],"author":[{"embeddable":true,"href":"https:\/\/www.unispedag.it\/en\/wp-json\/wp\/v2\/users\/3"}],"replies":[{"embeddable":true,"href":"https:\/\/www.unispedag.it\/en\/wp-json\/wp\/v2\/comments?post=1665"}],"version-history":[{"count":4,"href":"https:\/\/www.unispedag.it\/en\/wp-json\/wp\/v2\/posts\/1665\/revisions"}],"predecessor-version":[{"id":1674,"href":"https:\/\/www.unispedag.it\/en\/wp-json\/wp\/v2\/posts\/1665\/revisions\/1674"}],"wp:featuredmedia":[{"embeddable":true,"href":"https:\/\/www.unispedag.it\/en\/wp-json\/wp\/v2\/media\/1671"}],"wp:attachment":[{"href":"https:\/\/www.unispedag.it\/en\/wp-json\/wp\/v2\/media?parent=1665"}],"wp:term":[{"taxonomy":"category","embeddable":true,"href":"https:\/\/www.unispedag.it\/en\/wp-json\/wp\/v2\/categories?post=1665"},{"taxonomy":"post_tag","embeddable":true,"href":"https:\/\/www.unispedag.it\/en\/wp-json\/wp\/v2\/tags?post=1665"}],"curies":[{"name":"wp","href":"https:\/\/api.w.org\/{rel}","templated":true}]}}