{"id":2426,"date":"2024-10-07T09:55:57","date_gmt":"2024-10-07T07:55:57","guid":{"rendered":"https:\/\/www.unispedag.it\/2024\/10\/07\/sicurezza-e-normativa-nel-settore-marittimo-portuale-copy\/"},"modified":"2024-10-16T09:57:53","modified_gmt":"2024-10-16T07:57:53","slug":"mercitalia-logistics-si-unisce-ad-assologistica","status":"publish","type":"post","link":"https:\/\/www.unispedag.it\/en\/2024\/10\/07\/mercitalia-logistics-si-unisce-ad-assologistica\/","title":{"rendered":"Mercitalia Logistics si unisce ad Assologistica"},"content":{"rendered":"<div class=\"fusion-fullwidth fullwidth-box fusion-builder-row-1 nonhundred-percent-fullwidth non-hundred-percent-height-scrolling\" style=\"--awb-background-position:left top;--awb-border-sizes-top:0px;--awb-border-sizes-bottom:0px;--awb-border-sizes-left:0px;--awb-border-sizes-right:0px;--awb-border-radius-top-left:0px;--awb-border-radius-top-right:0px;--awb-border-radius-bottom-right:0px;--awb-border-radius-bottom-left:0px;--awb-padding-top:0px;--awb-padding-bottom:20px;--awb-flex-wrap:wrap;\" ><div class=\"fusion-builder-row fusion-row\"><div class=\"fusion-layout-column fusion_builder_column fusion-builder-column-0 fusion_builder_column_1_1 1_1 fusion-one-full fusion-column-first fusion-column-last\" style=\"--awb-padding-right:10%;--awb-padding-left:10%;--awb-bg-size:cover;\"><div class=\"fusion-column-wrapper fusion-flex-column-wrapper-legacy\"><div class=\"fusion-image-element fusion-image-align-center in-legacy-container\" style=\"text-align:center;--awb-caption-title-font-family:var(--h2_typography-font-family);--awb-caption-title-font-weight:var(--h2_typography-font-weight);--awb-caption-title-font-style:var(--h2_typography-font-style);--awb-caption-title-size:var(--h2_typography-font-size);--awb-caption-title-transform:var(--h2_typography-text-transform);--awb-caption-title-line-height:var(--h2_typography-line-height);--awb-caption-title-letter-spacing:var(--h2_typography-letter-spacing);\"><div class=\"imageframe-align-center\"><span class=\" fusion-imageframe imageframe-none imageframe-1 hover-type-none\"><img decoding=\"async\" width=\"30\" height=\"16\" title=\"divide\" src=\"https:\/\/www.unispedag.it\/wp-content\/uploads\/2016\/07\/divide-1.png\" alt class=\"img-responsive wp-image-144\"\/><\/span><\/div><\/div><div class=\"fusion-sep-clear\"><\/div><div class=\"fusion-separator fusion-full-width-sep\" style=\"margin-left: auto;margin-right: auto;margin-top:20px;margin-bottom:30px;width:100%;\"><\/div><div class=\"fusion-sep-clear\"><\/div><div class=\"fusion-image-element fusion-image-align-center in-legacy-container\" style=\"text-align:center;--awb-liftup-border-radius:0px;--awb-caption-title-font-family:var(--h2_typography-font-family);--awb-caption-title-font-weight:var(--h2_typography-font-weight);--awb-caption-title-font-style:var(--h2_typography-font-style);--awb-caption-title-size:var(--h2_typography-font-size);--awb-caption-title-transform:var(--h2_typography-text-transform);--awb-caption-title-line-height:var(--h2_typography-line-height);--awb-caption-title-letter-spacing:var(--h2_typography-letter-spacing);\"><div class=\"imageframe-align-center\"><div class=\"awb-image-frame awb-image-frame-2 imageframe-liftup\"><span class=\" fusion-imageframe imageframe-none imageframe-2\"><a href=\"https:\/\/www.unispedag.it\/wp-content\/uploads\/2023\/05\/container.webp\" class=\"fusion-lightbox\" data-rel=\"iLightbox[6c59df3ed2a44c11951]\" data-title=\"container\" title=\"container\"><img decoding=\"async\" width=\"960\" height=\"602\" src=\"https:\/\/www.unispedag.it\/wp-content\/uploads\/2023\/05\/container.webp\" alt class=\"img-responsive wp-image-2160\" srcset=\"https:\/\/www.unispedag.it\/wp-content\/uploads\/2023\/05\/container-200x125.webp 200w, https:\/\/www.unispedag.it\/wp-content\/uploads\/2023\/05\/container-400x251.webp 400w, https:\/\/www.unispedag.it\/wp-content\/uploads\/2023\/05\/container-600x376.webp 600w, https:\/\/www.unispedag.it\/wp-content\/uploads\/2023\/05\/container-800x502.webp 800w, https:\/\/www.unispedag.it\/wp-content\/uploads\/2023\/05\/container.webp 960w\" sizes=\"(max-width: 1000px) 100vw, 960px\" \/><\/a><\/span><\/div><\/div><\/div><div class=\"fusion-sep-clear\"><\/div><div class=\"fusion-separator fusion-full-width-sep\" style=\"margin-left: auto;margin-right: auto;margin-top:50px;width:100%;\"><\/div><div class=\"fusion-sep-clear\"><\/div><div class=\"fusion-text fusion-text-1\"><p><span class=\"fusion-dropcap dropcap dropcap-boxed N\" style=\"--awb-border-radius:50%;\">I<\/span>l principale gruppo italiano nel trasporto intermodale e nella logistica integrata, Mercitalia Logistics, ha annunciato la sua adesione ad Assologistica, l\u2019associazione che rappresenta i principali operatori del settore logistico in Italia. La comunicazione \u00e8 avvenuta durante gli Stati Generali della Logistica del Nord Ovest, un appuntamento di grande importanza per l\u2019industria.<\/p>\n<p>Sabrina De Filippis ha commentato con entusiasmo l&#8217;ingresso nell&#8217;associazione, affermando: &#8220;Siamo orgogliosi di unirci ad Assologistica, che rappresenta a tutto tondo gli interessi del settore logistico. Questo ingresso segna il nostro impegno a rafforzare la nostra rete e a collaborare con altri attori del mercato per creare sinergie e portare avanti iniziative comuni per il rilancio della logistica in Italia.&#8221;<\/p>\n<p>Anche il Presidente di Assologistica, Umberto Ruggerone, ha accolto con favore la nuova adesione, sottolineando il ruolo strategico dell\u2019intermodalit\u00e0 e del trasporto ferroviario per affrontare le sfide della sostenibilit\u00e0 nel settore. Ruggerone ha evidenziato come l\u2019integrazione tra intermodalit\u00e0 e servizi logistici, che Mercitalia ha fatto sua missione, rappresenti una formula vincente per lo sviluppo del comparto.<\/p>\n<p>Contestualmente all\u2019ingresso di Mercitalia, Assologistica ha annunciato la costituzione di un nuovo gruppo di lavoro dedicato alla terminalistica, con l&#8217;obiettivo di migliorare la gestione dei terminal intermodali e potenziare le infrastrutture ferroviarie. Il gruppo sar\u00e0 guidato da Davide Muzio e vedr\u00e0 la partecipazione di figure di rilievo del settore, tra cui Sabrina De Filippis, Paolo Pandolfo, Stefano Morelli e lo stesso Ruggerone.<\/p>\n<p>Il primo incontro del nuovo gruppo \u00e8 previsto per ottobre e si concentrer\u00e0 su un confronto con il Ministro dei Trasporti, volto a discutere strategie a supporto delle infrastrutture ferroviarie, in particolare in relazione alle chiusure provocate dai lavori del PNRR.<\/p>\n<p>L\u2019adesione di Mercitalia ad Assologistica rafforza il legame tra trasporto intermodale e logistica integrata, ponendo le basi per una collaborazione ancora pi\u00f9 efficace tra gli operatori del settore. Assologistica conferma cos\u00ec il suo ruolo centrale nella promozione dell&#8217;intermodalit\u00e0 e nel sostegno alla logistica su scala nazionale e internazionale.<\/p>\n<\/div><div class=\"fusion-sep-clear\"><\/div><div class=\"fusion-separator fusion-full-width-sep\" style=\"margin-left: auto;margin-right: auto;margin-top:30px;width:100%;\"><\/div><div class=\"fusion-sep-clear\"><\/div><div class=\"fusion-clearfix\"><\/div><\/div><\/div><\/div><\/div>\n","protected":false},"excerpt":{"rendered":"<p>Il principale gruppo italiano nel trasporto intermodale e nella logistica integrata, Mercitalia Logistics, ha annunciato la sua adesione ad Assologistica, l\u2019associazione che rappresenta i principali operatori del settore logistico in Italia. La comunicazione \u00e8 avvenuta durante gli Stati Generali della Logistica del Nord Ovest, un appuntamento di grande importanza per l\u2019industria.<\/p>","protected":false},"author":3,"featured_media":2160,"comment_status":"open","ping_status":"open","sticky":false,"template":"","format":"standard","meta":{"footnotes":""},"categories":[3],"tags":[],"class_list":["post-2426","post","type-post","status-publish","format-standard","has-post-thumbnail","hentry","category-latest-articles"],"aioseo_notices":[],"aioseo_head":"\n\t\t<!-- All in One SEO 5.0.0.1 - aioseo.com -->\n\t<meta name=\"robots\" content=\"max-image-preview:large\" \/>\n\t<meta name=\"author\" content=\"Redazione Unisped\"\/>\n\t<link rel=\"canonical\" href=\"https:\/\/www.unispedag.it\/en\/2024\/10\/07\/mercitalia-logistics-si-unisce-ad-assologistica\/\" \/>\n\t<meta name=\"generator\" content=\"All in One SEO (AIOSEO) 5.0.0.1\" \/>\n\t\t<script type=\"application\/ld+json\" class=\"aioseo-schema\">\n\t\t\t{\"@context\":\"https:\\\/\\\/schema.org\",\"@graph\":[{\"@type\":\"Article\",\"@id\":\"https:\\\/\\\/www.unispedag.it\\\/en\\\/2024\\\/10\\\/07\\\/mercitalia-logistics-si-unisce-ad-assologistica\\\/#article\",\"name\":\"Mercitalia Logistics si unisce ad Assologistica | UNISPED A.G.\",\"headline\":\"Mercitalia Logistics si unisce ad Assologistica\",\"author\":{\"@id\":\"https:\\\/\\\/www.unispedag.it\\\/en\\\/author\\\/redazione\\\/#author\"},\"publisher\":{\"@id\":\"https:\\\/\\\/www.unispedag.it\\\/en\\\/#organization\"},\"image\":{\"@type\":\"ImageObject\",\"url\":\"https:\\\/\\\/www.unispedag.it\\\/wp-content\\\/uploads\\\/2023\\\/05\\\/container.webp\",\"width\":960,\"height\":602},\"datePublished\":\"2024-10-07T09:55:57+02:00\",\"dateModified\":\"2024-10-16T09:57:53+02:00\",\"inLanguage\":\"en-GB\",\"mainEntityOfPage\":{\"@id\":\"https:\\\/\\\/www.unispedag.it\\\/en\\\/2024\\\/10\\\/07\\\/mercitalia-logistics-si-unisce-ad-assologistica\\\/#webpage\"},\"isPartOf\":{\"@id\":\"https:\\\/\\\/www.unispedag.it\\\/en\\\/2024\\\/10\\\/07\\\/mercitalia-logistics-si-unisce-ad-assologistica\\\/#webpage\"},\"articleSection\":\"Ultimi Articoli\"},{\"@type\":\"BreadcrumbList\",\"@id\":\"https:\\\/\\\/www.unispedag.it\\\/en\\\/2024\\\/10\\\/07\\\/mercitalia-logistics-si-unisce-ad-assologistica\\\/#breadcrumblist\",\"itemListElement\":[{\"@type\":\"ListItem\",\"@id\":\"https:\\\/\\\/www.unispedag.it\\\/en#listItem\",\"position\":1,\"name\":\"Home\",\"item\":\"https:\\\/\\\/www.unispedag.it\\\/en\",\"nextItem\":{\"@type\":\"ListItem\",\"@id\":\"https:\\\/\\\/www.unispedag.it\\\/en\\\/category\\\/latest-articles\\\/#listItem\",\"name\":\"Ultimi Articoli\"}},{\"@type\":\"ListItem\",\"@id\":\"https:\\\/\\\/www.unispedag.it\\\/en\\\/category\\\/latest-articles\\\/#listItem\",\"position\":2,\"name\":\"Ultimi Articoli\",\"item\":\"https:\\\/\\\/www.unispedag.it\\\/en\\\/category\\\/latest-articles\\\/\",\"nextItem\":{\"@type\":\"ListItem\",\"@id\":\"https:\\\/\\\/www.unispedag.it\\\/en\\\/2024\\\/10\\\/07\\\/mercitalia-logistics-si-unisce-ad-assologistica\\\/#listItem\",\"name\":\"Mercitalia Logistics si unisce ad Assologistica\"},\"previousItem\":{\"@type\":\"ListItem\",\"@id\":\"https:\\\/\\\/www.unispedag.it\\\/en#listItem\",\"name\":\"Home\"}},{\"@type\":\"ListItem\",\"@id\":\"https:\\\/\\\/www.unispedag.it\\\/en\\\/2024\\\/10\\\/07\\\/mercitalia-logistics-si-unisce-ad-assologistica\\\/#listItem\",\"position\":3,\"name\":\"Mercitalia Logistics si unisce ad Assologistica\",\"previousItem\":{\"@type\":\"ListItem\",\"@id\":\"https:\\\/\\\/www.unispedag.it\\\/en\\\/category\\\/latest-articles\\\/#listItem\",\"name\":\"Ultimi Articoli\"}}]},{\"@type\":\"Organization\",\"@id\":\"https:\\\/\\\/www.unispedag.it\\\/en\\\/#organization\",\"name\":\"UNISPED A.G.\",\"description\":\"UNISPED AG - Spedizioni internazionali - International forwarding\",\"url\":\"https:\\\/\\\/www.unispedag.it\\\/en\\\/\"},{\"@type\":\"Person\",\"@id\":\"https:\\\/\\\/www.unispedag.it\\\/en\\\/author\\\/redazione\\\/#author\",\"url\":\"https:\\\/\\\/www.unispedag.it\\\/en\\\/author\\\/redazione\\\/\",\"name\":\"Redazione Unisped\",\"image\":{\"@type\":\"ImageObject\",\"@id\":\"https:\\\/\\\/www.unispedag.it\\\/en\\\/2024\\\/10\\\/07\\\/mercitalia-logistics-si-unisce-ad-assologistica\\\/#authorImage\",\"url\":\"https:\\\/\\\/secure.gravatar.com\\\/avatar\\\/1b8218932dceac58d433de69dd556b8931e7b12e50248bd86b8036c161b86df1?s=96&d=mm&r=g\",\"width\":96,\"height\":96,\"caption\":\"Redazione Unisped\"}},{\"@type\":\"WebPage\",\"@id\":\"https:\\\/\\\/www.unispedag.it\\\/en\\\/2024\\\/10\\\/07\\\/mercitalia-logistics-si-unisce-ad-assologistica\\\/#webpage\",\"url\":\"https:\\\/\\\/www.unispedag.it\\\/en\\\/2024\\\/10\\\/07\\\/mercitalia-logistics-si-unisce-ad-assologistica\\\/\",\"name\":\"Mercitalia Logistics si unisce ad Assologistica | UNISPED A.G.\",\"inLanguage\":\"en-GB\",\"isPartOf\":{\"@id\":\"https:\\\/\\\/www.unispedag.it\\\/en\\\/#website\"},\"breadcrumb\":{\"@id\":\"https:\\\/\\\/www.unispedag.it\\\/en\\\/2024\\\/10\\\/07\\\/mercitalia-logistics-si-unisce-ad-assologistica\\\/#breadcrumblist\"},\"author\":{\"@id\":\"https:\\\/\\\/www.unispedag.it\\\/en\\\/author\\\/redazione\\\/#author\"},\"creator\":{\"@id\":\"https:\\\/\\\/www.unispedag.it\\\/en\\\/author\\\/redazione\\\/#author\"},\"image\":{\"@type\":\"ImageObject\",\"url\":\"https:\\\/\\\/www.unispedag.it\\\/wp-content\\\/uploads\\\/2023\\\/05\\\/container.webp\",\"@id\":\"https:\\\/\\\/www.unispedag.it\\\/en\\\/2024\\\/10\\\/07\\\/mercitalia-logistics-si-unisce-ad-assologistica\\\/#mainImage\",\"width\":960,\"height\":602},\"primaryImageOfPage\":{\"@id\":\"https:\\\/\\\/www.unispedag.it\\\/en\\\/2024\\\/10\\\/07\\\/mercitalia-logistics-si-unisce-ad-assologistica\\\/#mainImage\"},\"datePublished\":\"2024-10-07T09:55:57+02:00\",\"dateModified\":\"2024-10-16T09:57:53+02:00\"},{\"@type\":\"WebSite\",\"@id\":\"https:\\\/\\\/www.unispedag.it\\\/en\\\/#website\",\"url\":\"https:\\\/\\\/www.unispedag.it\\\/en\\\/\",\"name\":\"UNISPED A.G.\",\"description\":\"UNISPED AG - Spedizioni internazionali - International forwarding\",\"inLanguage\":\"en-GB\",\"publisher\":{\"@id\":\"https:\\\/\\\/www.unispedag.it\\\/en\\\/#organization\"}}]}\n\t\t<\/script>\n\t\t<!-- All in One SEO -->\n\n","aioseo_head_json":{"title":"Mercitalia Logistics si unisce ad Assologistica | UNISPED A.G.","description":"","canonical_url":"https:\/\/www.unispedag.it\/en\/2024\/10\/07\/mercitalia-logistics-si-unisce-ad-assologistica\/","robots":"max-image-preview:large","keywords":"","webmasterTools":{"miscellaneous":""},"schema":{"@context":"https:\/\/schema.org","@graph":[{"@type":"Article","@id":"https:\/\/www.unispedag.it\/en\/2024\/10\/07\/mercitalia-logistics-si-unisce-ad-assologistica\/#article","name":"Mercitalia Logistics si unisce ad Assologistica | UNISPED A.G.","headline":"Mercitalia Logistics si unisce ad Assologistica","author":{"@id":"https:\/\/www.unispedag.it\/en\/author\/redazione\/#author"},"publisher":{"@id":"https:\/\/www.unispedag.it\/en\/#organization"},"image":{"@type":"ImageObject","url":"https:\/\/www.unispedag.it\/wp-content\/uploads\/2023\/05\/container.webp","width":960,"height":602},"datePublished":"2024-10-07T09:55:57+02:00","dateModified":"2024-10-16T09:57:53+02:00","inLanguage":"en-GB","mainEntityOfPage":{"@id":"https:\/\/www.unispedag.it\/en\/2024\/10\/07\/mercitalia-logistics-si-unisce-ad-assologistica\/#webpage"},"isPartOf":{"@id":"https:\/\/www.unispedag.it\/en\/2024\/10\/07\/mercitalia-logistics-si-unisce-ad-assologistica\/#webpage"},"articleSection":"Ultimi Articoli"},{"@type":"BreadcrumbList","@id":"https:\/\/www.unispedag.it\/en\/2024\/10\/07\/mercitalia-logistics-si-unisce-ad-assologistica\/#breadcrumblist","itemListElement":[{"@type":"ListItem","@id":"https:\/\/www.unispedag.it\/en#listItem","position":1,"name":"Home","item":"https:\/\/www.unispedag.it\/en","nextItem":{"@type":"ListItem","@id":"https:\/\/www.unispedag.it\/en\/category\/latest-articles\/#listItem","name":"Ultimi Articoli"}},{"@type":"ListItem","@id":"https:\/\/www.unispedag.it\/en\/category\/latest-articles\/#listItem","position":2,"name":"Ultimi Articoli","item":"https:\/\/www.unispedag.it\/en\/category\/latest-articles\/","nextItem":{"@type":"ListItem","@id":"https:\/\/www.unispedag.it\/en\/2024\/10\/07\/mercitalia-logistics-si-unisce-ad-assologistica\/#listItem","name":"Mercitalia Logistics si unisce ad Assologistica"},"previousItem":{"@type":"ListItem","@id":"https:\/\/www.unispedag.it\/en#listItem","name":"Home"}},{"@type":"ListItem","@id":"https:\/\/www.unispedag.it\/en\/2024\/10\/07\/mercitalia-logistics-si-unisce-ad-assologistica\/#listItem","position":3,"name":"Mercitalia Logistics si unisce ad Assologistica","previousItem":{"@type":"ListItem","@id":"https:\/\/www.unispedag.it\/en\/category\/latest-articles\/#listItem","name":"Ultimi Articoli"}}]},{"@type":"Organization","@id":"https:\/\/www.unispedag.it\/en\/#organization","name":"UNISPED A.G.","description":"UNISPED AG - Spedizioni internazionali - International forwarding","url":"https:\/\/www.unispedag.it\/en\/"},{"@type":"Person","@id":"https:\/\/www.unispedag.it\/en\/author\/redazione\/#author","url":"https:\/\/www.unispedag.it\/en\/author\/redazione\/","name":"Redazione Unisped","image":{"@type":"ImageObject","@id":"https:\/\/www.unispedag.it\/en\/2024\/10\/07\/mercitalia-logistics-si-unisce-ad-assologistica\/#authorImage","url":"https:\/\/secure.gravatar.com\/avatar\/1b8218932dceac58d433de69dd556b8931e7b12e50248bd86b8036c161b86df1?s=96&d=mm&r=g","width":96,"height":96,"caption":"Redazione Unisped"}},{"@type":"WebPage","@id":"https:\/\/www.unispedag.it\/en\/2024\/10\/07\/mercitalia-logistics-si-unisce-ad-assologistica\/#webpage","url":"https:\/\/www.unispedag.it\/en\/2024\/10\/07\/mercitalia-logistics-si-unisce-ad-assologistica\/","name":"Mercitalia Logistics si unisce ad Assologistica | UNISPED A.G.","inLanguage":"en-GB","isPartOf":{"@id":"https:\/\/www.unispedag.it\/en\/#website"},"breadcrumb":{"@id":"https:\/\/www.unispedag.it\/en\/2024\/10\/07\/mercitalia-logistics-si-unisce-ad-assologistica\/#breadcrumblist"},"author":{"@id":"https:\/\/www.unispedag.it\/en\/author\/redazione\/#author"},"creator":{"@id":"https:\/\/www.unispedag.it\/en\/author\/redazione\/#author"},"image":{"@type":"ImageObject","url":"https:\/\/www.unispedag.it\/wp-content\/uploads\/2023\/05\/container.webp","@id":"https:\/\/www.unispedag.it\/en\/2024\/10\/07\/mercitalia-logistics-si-unisce-ad-assologistica\/#mainImage","width":960,"height":602},"primaryImageOfPage":{"@id":"https:\/\/www.unispedag.it\/en\/2024\/10\/07\/mercitalia-logistics-si-unisce-ad-assologistica\/#mainImage"},"datePublished":"2024-10-07T09:55:57+02:00","dateModified":"2024-10-16T09:57:53+02:00"},{"@type":"WebSite","@id":"https:\/\/www.unispedag.it\/en\/#website","url":"https:\/\/www.unispedag.it\/en\/","name":"UNISPED A.G.","description":"UNISPED AG - Spedizioni internazionali - International forwarding","inLanguage":"en-GB","publisher":{"@id":"https:\/\/www.unispedag.it\/en\/#organization"}}]}},"aioseo_meta_data":{"post_id":"2426","title":null,"description":null,"keywords":null,"keyphrases":{"focus":{"keyphrase":"","score":0,"analysis":{"keyphraseInTitle":{"score":0,"maxScore":9,"error":1}}},"additional":[]},"primary_term":null,"canonical_url":null,"og_title":null,"og_description":null,"og_object_type":"default","og_image_type":"default","og_image_url":null,"og_image_width":null,"og_image_height":null,"og_image_custom_url":null,"og_image_custom_fields":null,"og_video":"","og_custom_url":null,"og_article_section":null,"og_article_tags":null,"twitter_use_og":false,"twitter_card":"default","twitter_image_type":"default","twitter_image_url":null,"twitter_image_custom_url":null,"twitter_image_custom_fields":null,"twitter_title":null,"twitter_description":null,"schema":{"blockGraphs":[],"customGraphs":[],"default":{"data":{"Article":[],"Course":[],"Dataset":[],"FAQPage":[],"Movie":[],"Person":[],"Product":[],"ProductReview":[],"Car":[],"Recipe":[],"Service":[],"SoftwareApplication":[],"WebPage":[]},"graphName":"Article","isEnabled":true},"graphs":[]},"schema_type":"default","schema_type_options":null,"pillar_content":false,"robots_default":true,"robots_noindex":false,"robots_noarchive":false,"robots_nosnippet":false,"robots_nofollow":false,"robots_noimageindex":false,"robots_noodp":false,"robots_notranslate":false,"robots_max_snippet":"-1","robots_max_videopreview":"-1","robots_max_imagepreview":"large","priority":null,"frequency":"default","location":null,"local_seo":null,"breadcrumb_settings":null,"limit_modified_date":false,"ai":null,"created":"2024-10-07 07:56:00","updated":"2025-06-26 14:14:09","seo_analyzer_scan_date":null,"focus_keyword":null,"additional_keywords":null,"truseo_locale":null},"aioseo_breadcrumb":"<div class=\"aioseo-breadcrumbs\"><span class=\"aioseo-breadcrumb\">\n\t\t\t<a href=\"https:\/\/www.unispedag.it\/en\" title=\"Home\">Home<\/a>\n\t\t<\/span><span class=\"aioseo-breadcrumb-separator\">&raquo;<\/span><span class=\"aioseo-breadcrumb\">\n\t\t\t<a href=\"https:\/\/www.unispedag.it\/en\/category\/latest-articles\/\" title=\"Ultimi Articoli\">Ultimi Articoli<\/a>\n\t\t<\/span><span class=\"aioseo-breadcrumb-separator\">&raquo;<\/span><span class=\"aioseo-breadcrumb\">\n\t\t\tMercitalia Logistics si unisce ad Assologistica\n\t\t<\/span><\/div>","aioseo_breadcrumb_json":[{"label":"Home","link":"https:\/\/www.unispedag.it\/en"},{"label":"Ultimi Articoli","link":"https:\/\/www.unispedag.it\/en\/category\/latest-articles\/"},{"label":"Mercitalia Logistics si unisce ad Assologistica","link":"https:\/\/www.unispedag.it\/en\/2024\/10\/07\/mercitalia-logistics-si-unisce-ad-assologistica\/"}],"_links":{"self":[{"href":"https:\/\/www.unispedag.it\/en\/wp-json\/wp\/v2\/posts\/2426","targetHints":{"allow":["GET"]}}],"collection":[{"href":"https:\/\/www.unispedag.it\/en\/wp-json\/wp\/v2\/posts"}],"about":[{"href":"https:\/\/www.unispedag.it\/en\/wp-json\/wp\/v2\/types\/post"}],"author":[{"embeddable":true,"href":"https:\/\/www.unispedag.it\/en\/wp-json\/wp\/v2\/users\/3"}],"replies":[{"embeddable":true,"href":"https:\/\/www.unispedag.it\/en\/wp-json\/wp\/v2\/comments?post=2426"}],"version-history":[{"count":3,"href":"https:\/\/www.unispedag.it\/en\/wp-json\/wp\/v2\/posts\/2426\/revisions"}],"predecessor-version":[{"id":2429,"href":"https:\/\/www.unispedag.it\/en\/wp-json\/wp\/v2\/posts\/2426\/revisions\/2429"}],"wp:featuredmedia":[{"embeddable":true,"href":"https:\/\/www.unispedag.it\/en\/wp-json\/wp\/v2\/media\/2160"}],"wp:attachment":[{"href":"https:\/\/www.unispedag.it\/en\/wp-json\/wp\/v2\/media?parent=2426"}],"wp:term":[{"taxonomy":"category","embeddable":true,"href":"https:\/\/www.unispedag.it\/en\/wp-json\/wp\/v2\/categories?post=2426"},{"taxonomy":"post_tag","embeddable":true,"href":"https:\/\/www.unispedag.it\/en\/wp-json\/wp\/v2\/tags?post=2426"}],"curies":[{"name":"wp","href":"https:\/\/api.w.org\/{rel}","templated":true}]}}