{"id":2488,"date":"2025-03-10T13:26:32","date_gmt":"2025-03-10T12:26:32","guid":{"rendered":"https:\/\/www.unispedag.it\/?p=2488"},"modified":"2025-03-10T13:31:03","modified_gmt":"2025-03-10T12:31:03","slug":"annunziata-confermato-commissario-straordinario-dellautorita-di-sistema-portuale-del-mar-tirreno-centrale","status":"publish","type":"post","link":"https:\/\/www.unispedag.it\/en\/2025\/03\/10\/annunziata-confermato-commissario-straordinario-dellautorita-di-sistema-portuale-del-mar-tirreno-centrale\/","title":{"rendered":"Annunziata  confermato Commissario Straordinario dell&#8217;Autorit\u00e0 di Sistema Portuale del Mar Tirreno Centrale"},"content":{"rendered":"<div class=\"fusion-fullwidth fullwidth-box fusion-builder-row-1 nonhundred-percent-fullwidth non-hundred-percent-height-scrolling\" style=\"--awb-background-position:left top;--awb-border-sizes-top:0px;--awb-border-sizes-bottom:0px;--awb-border-sizes-left:0px;--awb-border-sizes-right:0px;--awb-border-radius-top-left:0px;--awb-border-radius-top-right:0px;--awb-border-radius-bottom-right:0px;--awb-border-radius-bottom-left:0px;--awb-padding-top:0px;--awb-padding-bottom:20px;--awb-flex-wrap:wrap;\" ><div class=\"fusion-builder-row fusion-row\"><div class=\"fusion-layout-column fusion_builder_column fusion-builder-column-0 fusion_builder_column_1_1 1_1 fusion-one-full fusion-column-first fusion-column-last\" style=\"--awb-padding-right:10%;--awb-padding-left:10%;--awb-bg-size:cover;\"><div class=\"fusion-column-wrapper fusion-flex-column-wrapper-legacy\"><div class=\"fusion-image-element fusion-image-align-center in-legacy-container\" style=\"text-align:center;--awb-caption-title-font-family:var(--h2_typography-font-family);--awb-caption-title-font-weight:var(--h2_typography-font-weight);--awb-caption-title-font-style:var(--h2_typography-font-style);--awb-caption-title-size:var(--h2_typography-font-size);--awb-caption-title-transform:var(--h2_typography-text-transform);--awb-caption-title-line-height:var(--h2_typography-line-height);--awb-caption-title-letter-spacing:var(--h2_typography-letter-spacing);\"><div class=\"imageframe-align-center\"><span class=\" fusion-imageframe imageframe-none imageframe-1 hover-type-none\"><img decoding=\"async\" width=\"30\" height=\"16\" title=\"divide\" src=\"https:\/\/www.unispedag.it\/wp-content\/uploads\/2016\/07\/divide-1.png\" alt class=\"img-responsive wp-image-144\"\/><\/span><\/div><\/div><div class=\"fusion-sep-clear\"><\/div><div class=\"fusion-separator fusion-full-width-sep\" style=\"margin-left: auto;margin-right: auto;margin-top:20px;margin-bottom:30px;width:100%;\"><\/div><div class=\"fusion-sep-clear\"><\/div><div class=\"fusion-image-element fusion-image-align-center in-legacy-container\" style=\"text-align:center;--awb-liftup-border-radius:0px;--awb-caption-title-font-family:var(--h2_typography-font-family);--awb-caption-title-font-weight:var(--h2_typography-font-weight);--awb-caption-title-font-style:var(--h2_typography-font-style);--awb-caption-title-size:var(--h2_typography-font-size);--awb-caption-title-transform:var(--h2_typography-text-transform);--awb-caption-title-line-height:var(--h2_typography-line-height);--awb-caption-title-letter-spacing:var(--h2_typography-letter-spacing);\"><div class=\"imageframe-align-center\"><div class=\"awb-image-frame awb-image-frame-2 imageframe-liftup\"><span class=\" fusion-imageframe imageframe-none imageframe-2\"><a href=\"https:\/\/www.unispedag.it\/wp-content\/uploads\/2024\/06\/napoli-5337054_1920.jpg\" class=\"fusion-lightbox\" data-rel=\"iLightbox[082ec948f8278f8cece]\" data-title=\"napoli-5337054_1920\" title=\"napoli-5337054_1920\"><img decoding=\"async\" width=\"1920\" height=\"1282\" src=\"https:\/\/www.unispedag.it\/wp-content\/uploads\/2024\/06\/napoli-5337054_1920.jpg\" alt class=\"img-responsive wp-image-2372\" srcset=\"https:\/\/www.unispedag.it\/wp-content\/uploads\/2024\/06\/napoli-5337054_1920-200x134.jpg 200w, https:\/\/www.unispedag.it\/wp-content\/uploads\/2024\/06\/napoli-5337054_1920-400x267.jpg 400w, https:\/\/www.unispedag.it\/wp-content\/uploads\/2024\/06\/napoli-5337054_1920-600x401.jpg 600w, https:\/\/www.unispedag.it\/wp-content\/uploads\/2024\/06\/napoli-5337054_1920-800x534.jpg 800w, https:\/\/www.unispedag.it\/wp-content\/uploads\/2024\/06\/napoli-5337054_1920-1200x801.jpg 1200w, https:\/\/www.unispedag.it\/wp-content\/uploads\/2024\/06\/napoli-5337054_1920.jpg 1920w\" sizes=\"(max-width: 1000px) 100vw, 1200px\" \/><\/a><\/span><\/div><\/div><\/div><div class=\"fusion-sep-clear\"><\/div><div class=\"fusion-separator fusion-full-width-sep\" style=\"margin-left: auto;margin-right: auto;margin-top:50px;width:100%;\"><\/div><div class=\"fusion-sep-clear\"><\/div><div class=\"fusion-text fusion-text-1\"><p><span class=\"fusion-dropcap dropcap dropcap-boxed N\" style=\"--awb-border-radius:50%;\">A<\/span>ndrea Annunziata \u00e8 stato confermato Commissario Straordinario dell&#8217;Autorit\u00e0 di Sistema Portuale del Mar Tirreno Centrale. A firmare il decreto di nomina \u00e8 stato il Ministro delle Infrastrutture e dei Trasporti, Matteo Salvini, garantendo cos\u00ec la continuit\u00e0 gestionale dell&#8217;ente dopo la scadenza del mandato dello stesso Annunziata il 2 febbraio scorso.<\/p>\n<p>La decisione arriva in un momento chiave per l&#8217;AdSP, impegnata nella gestione di importanti progetti infrastrutturali finanziati con 361 milioni di euro dal Piano Nazionale di Ripresa e Resilienza (PNRR), destinati ai porti di Napoli e Salerno. La continuit\u00e0 garantita dalla nomina di Annunziata permetter\u00e0 di mantenere il ritmo operativo necessario per il completamento delle opere strategiche avviate.<\/p>\n<p>Andrea Annunziata, avvocato con una vasta esperienza nel settore della logistica e dei trasporti, ha ricoperto ruoli di primo piano nel panorama istituzionale e portuale italiano. Deputato della Repubblica eletto nel 2001, \u00e8 stato Sottosegretario al Ministero dei Trasporti nel Governo Prodi II. Successivamente, dal 2008 al 2016 ha guidato l&#8217;Autorit\u00e0 Portuale di Salerno e, tra il 2017 e il 2021, l&#8217;Autorit\u00e0 di Sistema Portuale della Sicilia Orientale, che comprende i porti di Augusta e Catania. Dal febbraio 2021 presiede l&#8217;AdSP del Mar Tirreno Centrale.<\/p>\n<p>In una recente dichiarazione, Annunziata ha sottolineato l&#8217;importanza della fiducia ricevuta dal Ministro Salvini e ha ribadito l&#8217;impegno per portare a termine i cantieri avviati: &#8220;I porti campani meritano ogni sforzo nel momento pi\u00f9 delicato per il completamento delle opere. Abbiamo raggiunto risultati significativi, ma occorre proseguire con determinazione e ulteriore energia&#8221;.<\/p>\n<p>La conferma di Annunziata \u00e8 stata accolta positivamente da numerosi esponenti politici locali, tra cui Tullio Ferrante, deputato e Sottosegretario al MIT, e Fulvio Martusciello, europarlamentare e Segretario regionale di Forza Italia in Campania, che hanno sottolineato il valore della stabilit\u00e0 amministrativa garantita dalla nomina, indispensabile per sostenere la crescita dei porti regionali.<\/p>\n<\/div><div class=\"fusion-sep-clear\"><\/div><div class=\"fusion-separator fusion-full-width-sep\" style=\"margin-left: auto;margin-right: auto;margin-top:30px;width:100%;\"><\/div><div class=\"fusion-sep-clear\"><\/div><div class=\"fusion-clearfix\"><\/div><\/div><\/div><\/div><\/div>\n","protected":false},"excerpt":{"rendered":"<p>Andrea Annunziata confermato Commissario dell&#8217;Autorit\u00e0 di Sistema Portuale Tirreno Centrale per guidare i progetti strategici finanziati dal PNRR nei porti campani, assicurando continuit\u00e0 amministrativa e sviluppo grazie alla sua vasta esperienza politica e istituzionale nel settore trasporti&#8230;<\/p>","protected":false},"author":1,"featured_media":2372,"comment_status":"open","ping_status":"open","sticky":false,"template":"","format":"standard","meta":{"footnotes":""},"categories":[3],"tags":[223,283,261,284,285],"class_list":["post-2488","post","type-post","status-publish","format-standard","has-post-thumbnail","hentry","category-latest-articles","tag-andrea-annunziata","tag-commissario-straordinario","tag-decarbonizzazione-trasporti-marittimi","tag-porti-napoli-salerno","tag-progetti-pnrr"],"aioseo_notices":[],"aioseo_head":"\n\t\t<!-- All in One SEO 5.0.0.1 - aioseo.com -->\n\t<meta name=\"robots\" content=\"max-image-preview:large\" \/>\n\t<meta name=\"author\" content=\"Redazione\"\/>\n\t<link rel=\"canonical\" href=\"https:\/\/www.unispedag.it\/en\/2025\/03\/10\/annunziata-confermato-commissario-straordinario-dellautorita-di-sistema-portuale-del-mar-tirreno-centrale\/\" \/>\n\t<meta name=\"generator\" content=\"All in One SEO (AIOSEO) 5.0.0.1\" \/>\n\t\t<script type=\"application\/ld+json\" class=\"aioseo-schema\">\n\t\t\t{\"@context\":\"https:\\\/\\\/schema.org\",\"@graph\":[{\"@type\":\"Article\",\"@id\":\"https:\\\/\\\/www.unispedag.it\\\/en\\\/2025\\\/03\\\/10\\\/annunziata-confermato-commissario-straordinario-dellautorita-di-sistema-portuale-del-mar-tirreno-centrale\\\/#article\",\"name\":\"Annunziata confermato Commissario Straordinario dell\\u2019Autorit\\u00e0 di Sistema Portuale del Mar Tirreno Centrale | UNISPED A.G.\",\"headline\":\"Annunziata  confermato Commissario Straordinario dell&#8217;Autorit\\u00e0 di Sistema Portuale del Mar Tirreno Centrale\",\"author\":{\"@id\":\"https:\\\/\\\/www.unispedag.it\\\/en\\\/author\\\/uag2a-wg4zert89339opfgterrnm897145yhusddw43z\\\/#author\"},\"publisher\":{\"@id\":\"https:\\\/\\\/www.unispedag.it\\\/en\\\/#organization\"},\"image\":{\"@type\":\"ImageObject\",\"url\":\"https:\\\/\\\/www.unispedag.it\\\/wp-content\\\/uploads\\\/2024\\\/06\\\/napoli-5337054_1920.jpg\",\"width\":1920,\"height\":1282},\"datePublished\":\"2025-03-10T13:26:32+01:00\",\"dateModified\":\"2025-03-10T13:31:03+01:00\",\"inLanguage\":\"en-GB\",\"mainEntityOfPage\":{\"@id\":\"https:\\\/\\\/www.unispedag.it\\\/en\\\/2025\\\/03\\\/10\\\/annunziata-confermato-commissario-straordinario-dellautorita-di-sistema-portuale-del-mar-tirreno-centrale\\\/#webpage\"},\"isPartOf\":{\"@id\":\"https:\\\/\\\/www.unispedag.it\\\/en\\\/2025\\\/03\\\/10\\\/annunziata-confermato-commissario-straordinario-dellautorita-di-sistema-portuale-del-mar-tirreno-centrale\\\/#webpage\"},\"articleSection\":\"Ultimi Articoli, andrea annunziata, Commissario straordinario, decarbonizzazione trasporti marittimi, Porti Napoli Salerno, Progetti PNRR\"},{\"@type\":\"BreadcrumbList\",\"@id\":\"https:\\\/\\\/www.unispedag.it\\\/en\\\/2025\\\/03\\\/10\\\/annunziata-confermato-commissario-straordinario-dellautorita-di-sistema-portuale-del-mar-tirreno-centrale\\\/#breadcrumblist\",\"itemListElement\":[{\"@type\":\"ListItem\",\"@id\":\"https:\\\/\\\/www.unispedag.it\\\/en#listItem\",\"position\":1,\"name\":\"Home\",\"item\":\"https:\\\/\\\/www.unispedag.it\\\/en\",\"nextItem\":{\"@type\":\"ListItem\",\"@id\":\"https:\\\/\\\/www.unispedag.it\\\/en\\\/category\\\/latest-articles\\\/#listItem\",\"name\":\"Ultimi Articoli\"}},{\"@type\":\"ListItem\",\"@id\":\"https:\\\/\\\/www.unispedag.it\\\/en\\\/category\\\/latest-articles\\\/#listItem\",\"position\":2,\"name\":\"Ultimi Articoli\",\"item\":\"https:\\\/\\\/www.unispedag.it\\\/en\\\/category\\\/latest-articles\\\/\",\"nextItem\":{\"@type\":\"ListItem\",\"@id\":\"https:\\\/\\\/www.unispedag.it\\\/en\\\/2025\\\/03\\\/10\\\/annunziata-confermato-commissario-straordinario-dellautorita-di-sistema-portuale-del-mar-tirreno-centrale\\\/#listItem\",\"name\":\"Annunziata  confermato Commissario Straordinario dell&#8217;Autorit\\u00e0 di Sistema Portuale del Mar Tirreno Centrale\"},\"previousItem\":{\"@type\":\"ListItem\",\"@id\":\"https:\\\/\\\/www.unispedag.it\\\/en#listItem\",\"name\":\"Home\"}},{\"@type\":\"ListItem\",\"@id\":\"https:\\\/\\\/www.unispedag.it\\\/en\\\/2025\\\/03\\\/10\\\/annunziata-confermato-commissario-straordinario-dellautorita-di-sistema-portuale-del-mar-tirreno-centrale\\\/#listItem\",\"position\":3,\"name\":\"Annunziata  confermato Commissario Straordinario dell&#8217;Autorit\\u00e0 di Sistema Portuale del Mar Tirreno Centrale\",\"previousItem\":{\"@type\":\"ListItem\",\"@id\":\"https:\\\/\\\/www.unispedag.it\\\/en\\\/category\\\/latest-articles\\\/#listItem\",\"name\":\"Ultimi Articoli\"}}]},{\"@type\":\"Organization\",\"@id\":\"https:\\\/\\\/www.unispedag.it\\\/en\\\/#organization\",\"name\":\"UNISPED A.G.\",\"description\":\"UNISPED AG - Spedizioni internazionali - International forwarding\",\"url\":\"https:\\\/\\\/www.unispedag.it\\\/en\\\/\"},{\"@type\":\"Person\",\"@id\":\"https:\\\/\\\/www.unispedag.it\\\/en\\\/author\\\/uag2a-wg4zert89339opfgterrnm897145yhusddw43z\\\/#author\",\"url\":\"https:\\\/\\\/www.unispedag.it\\\/en\\\/author\\\/uag2a-wg4zert89339opfgterrnm897145yhusddw43z\\\/\",\"name\":\"Redazione\",\"image\":{\"@type\":\"ImageObject\",\"@id\":\"https:\\\/\\\/www.unispedag.it\\\/en\\\/2025\\\/03\\\/10\\\/annunziata-confermato-commissario-straordinario-dellautorita-di-sistema-portuale-del-mar-tirreno-centrale\\\/#authorImage\",\"url\":\"https:\\\/\\\/secure.gravatar.com\\\/avatar\\\/5f51b38d280ffaa6eec99c1250bf861cc322d1635c2680b43bd01bc37235aa22?s=96&d=mm&r=g\",\"width\":96,\"height\":96,\"caption\":\"Redazione\"}},{\"@type\":\"WebPage\",\"@id\":\"https:\\\/\\\/www.unispedag.it\\\/en\\\/2025\\\/03\\\/10\\\/annunziata-confermato-commissario-straordinario-dellautorita-di-sistema-portuale-del-mar-tirreno-centrale\\\/#webpage\",\"url\":\"https:\\\/\\\/www.unispedag.it\\\/en\\\/2025\\\/03\\\/10\\\/annunziata-confermato-commissario-straordinario-dellautorita-di-sistema-portuale-del-mar-tirreno-centrale\\\/\",\"name\":\"Annunziata confermato Commissario Straordinario dell\\u2019Autorit\\u00e0 di Sistema Portuale del Mar Tirreno Centrale | UNISPED A.G.\",\"inLanguage\":\"en-GB\",\"isPartOf\":{\"@id\":\"https:\\\/\\\/www.unispedag.it\\\/en\\\/#website\"},\"breadcrumb\":{\"@id\":\"https:\\\/\\\/www.unispedag.it\\\/en\\\/2025\\\/03\\\/10\\\/annunziata-confermato-commissario-straordinario-dellautorita-di-sistema-portuale-del-mar-tirreno-centrale\\\/#breadcrumblist\"},\"author\":{\"@id\":\"https:\\\/\\\/www.unispedag.it\\\/en\\\/author\\\/uag2a-wg4zert89339opfgterrnm897145yhusddw43z\\\/#author\"},\"creator\":{\"@id\":\"https:\\\/\\\/www.unispedag.it\\\/en\\\/author\\\/uag2a-wg4zert89339opfgterrnm897145yhusddw43z\\\/#author\"},\"image\":{\"@type\":\"ImageObject\",\"url\":\"https:\\\/\\\/www.unispedag.it\\\/wp-content\\\/uploads\\\/2024\\\/06\\\/napoli-5337054_1920.jpg\",\"@id\":\"https:\\\/\\\/www.unispedag.it\\\/en\\\/2025\\\/03\\\/10\\\/annunziata-confermato-commissario-straordinario-dellautorita-di-sistema-portuale-del-mar-tirreno-centrale\\\/#mainImage\",\"width\":1920,\"height\":1282},\"primaryImageOfPage\":{\"@id\":\"https:\\\/\\\/www.unispedag.it\\\/en\\\/2025\\\/03\\\/10\\\/annunziata-confermato-commissario-straordinario-dellautorita-di-sistema-portuale-del-mar-tirreno-centrale\\\/#mainImage\"},\"datePublished\":\"2025-03-10T13:26:32+01:00\",\"dateModified\":\"2025-03-10T13:31:03+01:00\"},{\"@type\":\"WebSite\",\"@id\":\"https:\\\/\\\/www.unispedag.it\\\/en\\\/#website\",\"url\":\"https:\\\/\\\/www.unispedag.it\\\/en\\\/\",\"name\":\"UNISPED A.G.\",\"description\":\"UNISPED AG - Spedizioni internazionali - International forwarding\",\"inLanguage\":\"en-GB\",\"publisher\":{\"@id\":\"https:\\\/\\\/www.unispedag.it\\\/en\\\/#organization\"}}]}\n\t\t<\/script>\n\t\t<!-- All in One SEO -->\n\n","aioseo_head_json":{"title":"Annunziata confermato Commissario Straordinario dell\u2019Autorit\u00e0 di Sistema Portuale del Mar Tirreno Centrale | UNISPED A.G.","description":"","canonical_url":"https:\/\/www.unispedag.it\/en\/2025\/03\/10\/annunziata-confermato-commissario-straordinario-dellautorita-di-sistema-portuale-del-mar-tirreno-centrale\/","robots":"max-image-preview:large","keywords":"","webmasterTools":{"miscellaneous":""},"schema":{"@context":"https:\/\/schema.org","@graph":[{"@type":"Article","@id":"https:\/\/www.unispedag.it\/en\/2025\/03\/10\/annunziata-confermato-commissario-straordinario-dellautorita-di-sistema-portuale-del-mar-tirreno-centrale\/#article","name":"Annunziata confermato Commissario Straordinario dell\u2019Autorit\u00e0 di Sistema Portuale del Mar Tirreno Centrale | UNISPED A.G.","headline":"Annunziata  confermato Commissario Straordinario dell&#8217;Autorit\u00e0 di Sistema Portuale del Mar Tirreno Centrale","author":{"@id":"https:\/\/www.unispedag.it\/en\/author\/uag2a-wg4zert89339opfgterrnm897145yhusddw43z\/#author"},"publisher":{"@id":"https:\/\/www.unispedag.it\/en\/#organization"},"image":{"@type":"ImageObject","url":"https:\/\/www.unispedag.it\/wp-content\/uploads\/2024\/06\/napoli-5337054_1920.jpg","width":1920,"height":1282},"datePublished":"2025-03-10T13:26:32+01:00","dateModified":"2025-03-10T13:31:03+01:00","inLanguage":"en-GB","mainEntityOfPage":{"@id":"https:\/\/www.unispedag.it\/en\/2025\/03\/10\/annunziata-confermato-commissario-straordinario-dellautorita-di-sistema-portuale-del-mar-tirreno-centrale\/#webpage"},"isPartOf":{"@id":"https:\/\/www.unispedag.it\/en\/2025\/03\/10\/annunziata-confermato-commissario-straordinario-dellautorita-di-sistema-portuale-del-mar-tirreno-centrale\/#webpage"},"articleSection":"Ultimi Articoli, andrea annunziata, Commissario straordinario, decarbonizzazione trasporti marittimi, Porti Napoli Salerno, Progetti PNRR"},{"@type":"BreadcrumbList","@id":"https:\/\/www.unispedag.it\/en\/2025\/03\/10\/annunziata-confermato-commissario-straordinario-dellautorita-di-sistema-portuale-del-mar-tirreno-centrale\/#breadcrumblist","itemListElement":[{"@type":"ListItem","@id":"https:\/\/www.unispedag.it\/en#listItem","position":1,"name":"Home","item":"https:\/\/www.unispedag.it\/en","nextItem":{"@type":"ListItem","@id":"https:\/\/www.unispedag.it\/en\/category\/latest-articles\/#listItem","name":"Ultimi Articoli"}},{"@type":"ListItem","@id":"https:\/\/www.unispedag.it\/en\/category\/latest-articles\/#listItem","position":2,"name":"Ultimi Articoli","item":"https:\/\/www.unispedag.it\/en\/category\/latest-articles\/","nextItem":{"@type":"ListItem","@id":"https:\/\/www.unispedag.it\/en\/2025\/03\/10\/annunziata-confermato-commissario-straordinario-dellautorita-di-sistema-portuale-del-mar-tirreno-centrale\/#listItem","name":"Annunziata  confermato Commissario Straordinario dell&#8217;Autorit\u00e0 di Sistema Portuale del Mar Tirreno Centrale"},"previousItem":{"@type":"ListItem","@id":"https:\/\/www.unispedag.it\/en#listItem","name":"Home"}},{"@type":"ListItem","@id":"https:\/\/www.unispedag.it\/en\/2025\/03\/10\/annunziata-confermato-commissario-straordinario-dellautorita-di-sistema-portuale-del-mar-tirreno-centrale\/#listItem","position":3,"name":"Annunziata  confermato Commissario Straordinario dell&#8217;Autorit\u00e0 di Sistema Portuale del Mar Tirreno Centrale","previousItem":{"@type":"ListItem","@id":"https:\/\/www.unispedag.it\/en\/category\/latest-articles\/#listItem","name":"Ultimi Articoli"}}]},{"@type":"Organization","@id":"https:\/\/www.unispedag.it\/en\/#organization","name":"UNISPED A.G.","description":"UNISPED AG - Spedizioni internazionali - International forwarding","url":"https:\/\/www.unispedag.it\/en\/"},{"@type":"Person","@id":"https:\/\/www.unispedag.it\/en\/author\/uag2a-wg4zert89339opfgterrnm897145yhusddw43z\/#author","url":"https:\/\/www.unispedag.it\/en\/author\/uag2a-wg4zert89339opfgterrnm897145yhusddw43z\/","name":"Redazione","image":{"@type":"ImageObject","@id":"https:\/\/www.unispedag.it\/en\/2025\/03\/10\/annunziata-confermato-commissario-straordinario-dellautorita-di-sistema-portuale-del-mar-tirreno-centrale\/#authorImage","url":"https:\/\/secure.gravatar.com\/avatar\/5f51b38d280ffaa6eec99c1250bf861cc322d1635c2680b43bd01bc37235aa22?s=96&d=mm&r=g","width":96,"height":96,"caption":"Redazione"}},{"@type":"WebPage","@id":"https:\/\/www.unispedag.it\/en\/2025\/03\/10\/annunziata-confermato-commissario-straordinario-dellautorita-di-sistema-portuale-del-mar-tirreno-centrale\/#webpage","url":"https:\/\/www.unispedag.it\/en\/2025\/03\/10\/annunziata-confermato-commissario-straordinario-dellautorita-di-sistema-portuale-del-mar-tirreno-centrale\/","name":"Annunziata confermato Commissario Straordinario dell\u2019Autorit\u00e0 di Sistema Portuale del Mar Tirreno Centrale | UNISPED A.G.","inLanguage":"en-GB","isPartOf":{"@id":"https:\/\/www.unispedag.it\/en\/#website"},"breadcrumb":{"@id":"https:\/\/www.unispedag.it\/en\/2025\/03\/10\/annunziata-confermato-commissario-straordinario-dellautorita-di-sistema-portuale-del-mar-tirreno-centrale\/#breadcrumblist"},"author":{"@id":"https:\/\/www.unispedag.it\/en\/author\/uag2a-wg4zert89339opfgterrnm897145yhusddw43z\/#author"},"creator":{"@id":"https:\/\/www.unispedag.it\/en\/author\/uag2a-wg4zert89339opfgterrnm897145yhusddw43z\/#author"},"image":{"@type":"ImageObject","url":"https:\/\/www.unispedag.it\/wp-content\/uploads\/2024\/06\/napoli-5337054_1920.jpg","@id":"https:\/\/www.unispedag.it\/en\/2025\/03\/10\/annunziata-confermato-commissario-straordinario-dellautorita-di-sistema-portuale-del-mar-tirreno-centrale\/#mainImage","width":1920,"height":1282},"primaryImageOfPage":{"@id":"https:\/\/www.unispedag.it\/en\/2025\/03\/10\/annunziata-confermato-commissario-straordinario-dellautorita-di-sistema-portuale-del-mar-tirreno-centrale\/#mainImage"},"datePublished":"2025-03-10T13:26:32+01:00","dateModified":"2025-03-10T13:31:03+01:00"},{"@type":"WebSite","@id":"https:\/\/www.unispedag.it\/en\/#website","url":"https:\/\/www.unispedag.it\/en\/","name":"UNISPED A.G.","description":"UNISPED AG - Spedizioni internazionali - International forwarding","inLanguage":"en-GB","publisher":{"@id":"https:\/\/www.unispedag.it\/en\/#organization"}}]}},"aioseo_meta_data":{"post_id":"2488","title":null,"description":null,"keywords":null,"keyphrases":{"focus":[],"additional":[]},"primary_term":null,"canonical_url":null,"og_title":null,"og_description":null,"og_object_type":"default","og_image_type":"default","og_image_url":null,"og_image_width":null,"og_image_height":null,"og_image_custom_url":null,"og_image_custom_fields":null,"og_video":"","og_custom_url":null,"og_article_section":null,"og_article_tags":null,"twitter_use_og":false,"twitter_card":"default","twitter_image_type":"default","twitter_image_url":null,"twitter_image_custom_url":null,"twitter_image_custom_fields":null,"twitter_title":null,"twitter_description":null,"schema":{"blockGraphs":[],"customGraphs":[],"default":{"data":{"Article":[],"Course":[],"Dataset":[],"FAQPage":[],"Movie":[],"Person":[],"Product":[],"ProductReview":[],"Car":[],"Recipe":[],"Service":[],"SoftwareApplication":[],"WebPage":[]},"graphName":"Article","isEnabled":true},"graphs":[]},"schema_type":"default","schema_type_options":null,"pillar_content":false,"robots_default":true,"robots_noindex":false,"robots_noarchive":false,"robots_nosnippet":false,"robots_nofollow":false,"robots_noimageindex":false,"robots_noodp":false,"robots_notranslate":false,"robots_max_snippet":"-1","robots_max_videopreview":"-1","robots_max_imagepreview":"large","priority":null,"frequency":"default","location":null,"local_seo":null,"breadcrumb_settings":null,"limit_modified_date":false,"ai":null,"created":"2025-03-10 12:26:34","updated":"2026-08-24 10:11:35","seo_analyzer_scan_date":null,"focus_keyword":null,"additional_keywords":null,"truseo_locale":null},"aioseo_breadcrumb":"<div class=\"aioseo-breadcrumbs\"><span class=\"aioseo-breadcrumb\">\n\t\t\t<a href=\"https:\/\/www.unispedag.it\/en\" title=\"Home\">Home<\/a>\n\t\t<\/span><span class=\"aioseo-breadcrumb-separator\">&raquo;<\/span><span class=\"aioseo-breadcrumb\">\n\t\t\t<a href=\"https:\/\/www.unispedag.it\/en\/category\/latest-articles\/\" title=\"Ultimi Articoli\">Ultimi Articoli<\/a>\n\t\t<\/span><span class=\"aioseo-breadcrumb-separator\">&raquo;<\/span><span class=\"aioseo-breadcrumb\">\n\t\t\tAnnunziata  confermato Commissario Straordinario dell\u2019Autorit\u00e0 di Sistema Portuale del Mar Tirreno Centrale\n\t\t<\/span><\/div>","aioseo_breadcrumb_json":[{"label":"Home","link":"https:\/\/www.unispedag.it\/en"},{"label":"Ultimi Articoli","link":"https:\/\/www.unispedag.it\/en\/category\/latest-articles\/"},{"label":"Annunziata  confermato Commissario Straordinario dell&#8217;Autorit\u00e0 di Sistema Portuale del Mar Tirreno Centrale","link":"https:\/\/www.unispedag.it\/en\/2025\/03\/10\/annunziata-confermato-commissario-straordinario-dellautorita-di-sistema-portuale-del-mar-tirreno-centrale\/"}],"_links":{"self":[{"href":"https:\/\/www.unispedag.it\/en\/wp-json\/wp\/v2\/posts\/2488","targetHints":{"allow":["GET"]}}],"collection":[{"href":"https:\/\/www.unispedag.it\/en\/wp-json\/wp\/v2\/posts"}],"about":[{"href":"https:\/\/www.unispedag.it\/en\/wp-json\/wp\/v2\/types\/post"}],"author":[{"embeddable":true,"href":"https:\/\/www.unispedag.it\/en\/wp-json\/wp\/v2\/users\/1"}],"replies":[{"embeddable":true,"href":"https:\/\/www.unispedag.it\/en\/wp-json\/wp\/v2\/comments?post=2488"}],"version-history":[{"count":2,"href":"https:\/\/www.unispedag.it\/en\/wp-json\/wp\/v2\/posts\/2488\/revisions"}],"predecessor-version":[{"id":2490,"href":"https:\/\/www.unispedag.it\/en\/wp-json\/wp\/v2\/posts\/2488\/revisions\/2490"}],"wp:featuredmedia":[{"embeddable":true,"href":"https:\/\/www.unispedag.it\/en\/wp-json\/wp\/v2\/media\/2372"}],"wp:attachment":[{"href":"https:\/\/www.unispedag.it\/en\/wp-json\/wp\/v2\/media?parent=2488"}],"wp:term":[{"taxonomy":"category","embeddable":true,"href":"https:\/\/www.unispedag.it\/en\/wp-json\/wp\/v2\/categories?post=2488"},{"taxonomy":"post_tag","embeddable":true,"href":"https:\/\/www.unispedag.it\/en\/wp-json\/wp\/v2\/tags?post=2488"}],"curies":[{"name":"wp","href":"https:\/\/api.w.org\/{rel}","templated":true}]}}