{"id":2515,"date":"2025-06-26T09:00:20","date_gmt":"2025-06-26T07:00:20","guid":{"rendered":"https:\/\/www.unispedag.it\/?p=2515"},"modified":"2025-06-26T09:04:48","modified_gmt":"2025-06-26T07:04:48","slug":"cantieri-dagosto-federlogistica-suona-lallarme-rischio-black-out-per-la-catena-logistica","status":"publish","type":"post","link":"https:\/\/www.unispedag.it\/en\/2025\/06\/26\/cantieri-dagosto-federlogistica-suona-lallarme-rischio-black-out-per-la-catena-logistica\/","title":{"rendered":"Cantieri d\u2019Agosto: Federlogistica suona l\u2019allarme, rischio black-out per la catena logistica"},"content":{"rendered":"<div class=\"fusion-fullwidth fullwidth-box fusion-builder-row-1 nonhundred-percent-fullwidth non-hundred-percent-height-scrolling\" style=\"--awb-background-position:left top;--awb-border-sizes-top:0px;--awb-border-sizes-bottom:0px;--awb-border-sizes-left:0px;--awb-border-sizes-right:0px;--awb-border-radius-top-left:0px;--awb-border-radius-top-right:0px;--awb-border-radius-bottom-right:0px;--awb-border-radius-bottom-left:0px;--awb-padding-top:0px;--awb-padding-bottom:20px;--awb-flex-wrap:wrap;\" ><div class=\"fusion-builder-row fusion-row\"><div class=\"fusion-layout-column fusion_builder_column fusion-builder-column-0 fusion_builder_column_1_1 1_1 fusion-one-full fusion-column-first fusion-column-last\" style=\"--awb-padding-right:10%;--awb-padding-left:10%;--awb-bg-size:cover;\"><div class=\"fusion-column-wrapper fusion-flex-column-wrapper-legacy\"><div class=\"fusion-image-element fusion-image-align-center in-legacy-container\" style=\"text-align:center;--awb-caption-title-font-family:var(--h2_typography-font-family);--awb-caption-title-font-weight:var(--h2_typography-font-weight);--awb-caption-title-font-style:var(--h2_typography-font-style);--awb-caption-title-size:var(--h2_typography-font-size);--awb-caption-title-transform:var(--h2_typography-text-transform);--awb-caption-title-line-height:var(--h2_typography-line-height);--awb-caption-title-letter-spacing:var(--h2_typography-letter-spacing);\"><div class=\"imageframe-align-center\"><span class=\" fusion-imageframe imageframe-none imageframe-1 hover-type-none\"><img decoding=\"async\" width=\"30\" height=\"16\" title=\"divide\" src=\"https:\/\/www.unispedag.it\/wp-content\/uploads\/2016\/07\/divide-1.png\" alt class=\"img-responsive wp-image-144\"\/><\/span><\/div><\/div><div class=\"fusion-sep-clear\"><\/div><div class=\"fusion-separator fusion-full-width-sep\" style=\"margin-left: auto;margin-right: auto;margin-top:20px;margin-bottom:30px;width:100%;\"><\/div><div class=\"fusion-sep-clear\"><\/div><div class=\"fusion-image-element fusion-image-align-center in-legacy-container\" style=\"text-align:center;--awb-liftup-border-radius:0px;--awb-caption-title-font-family:var(--h2_typography-font-family);--awb-caption-title-font-weight:var(--h2_typography-font-weight);--awb-caption-title-font-style:var(--h2_typography-font-style);--awb-caption-title-size:var(--h2_typography-font-size);--awb-caption-title-transform:var(--h2_typography-text-transform);--awb-caption-title-line-height:var(--h2_typography-line-height);--awb-caption-title-letter-spacing:var(--h2_typography-letter-spacing);\"><div class=\"imageframe-align-center\"><div class=\"awb-image-frame awb-image-frame-2 imageframe-liftup\"><span class=\" fusion-imageframe imageframe-none imageframe-2\"><a href=\"https:\/\/www.unispedag.it\/wp-content\/uploads\/2025\/04\/trasporto-ferroviario.webp\" class=\"fusion-lightbox\" data-rel=\"iLightbox[0c1d007072c84cebe7f]\" data-title=\"trasporto ferroviario\" title=\"trasporto ferroviario\"><img decoding=\"async\" width=\"1920\" height=\"1280\" src=\"https:\/\/www.unispedag.it\/wp-content\/uploads\/2025\/04\/trasporto-ferroviario.webp\" alt class=\"img-responsive wp-image-2501\" srcset=\"https:\/\/www.unispedag.it\/wp-content\/uploads\/2025\/04\/trasporto-ferroviario-200x133.webp 200w, https:\/\/www.unispedag.it\/wp-content\/uploads\/2025\/04\/trasporto-ferroviario-400x267.webp 400w, https:\/\/www.unispedag.it\/wp-content\/uploads\/2025\/04\/trasporto-ferroviario-600x400.webp 600w, https:\/\/www.unispedag.it\/wp-content\/uploads\/2025\/04\/trasporto-ferroviario-800x533.webp 800w, https:\/\/www.unispedag.it\/wp-content\/uploads\/2025\/04\/trasporto-ferroviario-1200x800.webp 1200w, https:\/\/www.unispedag.it\/wp-content\/uploads\/2025\/04\/trasporto-ferroviario.webp 1920w\" sizes=\"(max-width: 1000px) 100vw, 1200px\" \/><\/a><\/span><\/div><\/div><\/div><div class=\"fusion-sep-clear\"><\/div><div class=\"fusion-separator fusion-full-width-sep\" style=\"margin-left: auto;margin-right: auto;margin-top:50px;width:100%;\"><\/div><div class=\"fusion-sep-clear\"><\/div><div class=\"fusion-text fusion-text-1\"><p><span class=\"fusion-dropcap dropcap dropcap-boxed N\" style=\"--awb-border-radius:50%;\">U<\/span>n <a href=\"https:\/\/www.informare.it\/news\/gennews\/2025\/20250926-Federlogistica-sconsiderato-cantieri-ferroviari-senza-programmazione.asp\">calendario<\/a> di lavori \u201csenza rete\u201d minaccia di mandare in tilt il Sistema Italia nel pieno della stagione export. Davide Falteri, presidente di Federlogistica, segnala 1 200 cantieri quotidiani sulla rete RFI e, soprattutto, lo stop di tre settimane che in agosto chiuder\u00e0 il collegamento ferroviario con il porto di Genova.<\/p>\n<p data-start=\"548\" data-end=\"866\">Fra upgrade PNRR e manutenzioni urgenti, la capacit\u00e0 dei varchi Genova-Arquata Scrivia e Terzo Valico <a href=\"https:\/\/www.themeditelegraph.com\/it\/transport\/road-rail-air-transport\/2025\/06\/24\/news\/rfi_1200_cantieri_giorno_imprese-15204733\/\">potrebbe crollare<\/a> dell\u201980 %. Conseguenza: fino a 10 000 TEU al giorno dirottati su gomma, 5 000 tonnellate di CO\u2082 aggiuntive e autostrade gi\u00e0 congestionate destinate al collasso.<\/p>\n<p data-start=\"868\" data-end=\"977\">\u00abNessuno contesta i lavori, ma servono regole condivise\u00bb, insiste Falteri. La federazione chiede tre mosse:<\/p>\n<ol data-start=\"978\" data-end=\"1246\">\n<li data-start=\"978\" data-end=\"1040\">\n<p data-start=\"981\" data-end=\"1040\">calendario dei cantieri diffuso con sei mesi di anticipo;<\/p>\n<\/li>\n<li data-start=\"1041\" data-end=\"1124\">\n<p data-start=\"1044\" data-end=\"1124\">corridoi alternativi o piani di traffico misti ferro-gomma con ANAS e Regioni;<\/p>\n<\/li>\n<li data-start=\"1125\" data-end=\"1246\">\n<p data-start=\"1128\" data-end=\"1246\">una cabina di regia pubblico-privata per monitorare flussi e KPI in tempo reale.<\/p>\n<\/li>\n<\/ol>\n<p data-start=\"1248\" data-end=\"1547\">L\u2019impatto doganale non \u00e8 marginale. Senza programmazione rischiano di allungarsi i tempi di sdoganamento, saltano le finestre \u201cjust-in-time\u201d, esplode la domanda di magazzini tampone. Operatori, spedizionieri e autotrasportatori preparano turni h24 e clearing anticipato per evitare l\u2019effetto imbuto.<\/p>\n<p data-start=\"1549\" data-end=\"1859\">Intanto RFI rivendica investimenti record \u2013 oltre 10 mld \u20ac nel 2024 \u2013 ma ammette che va costruita una regia condivisa. Senza dialogo, l\u2019Italia potrebbe restare senza piano B mentre il Green Deal impone di spostare il 30 % delle merci dalla gomma alla rotaia entro il 2030.<\/p>\n<p data-start=\"1861\" data-end=\"2069\">La partita si gioca ora: se infrastrutture e logistica non parlano la stessa lingua, il conto arriver\u00e0 a porti, imprese e consumatori. E questa \u00e8 una dogana che il made in Italy non pu\u00f2 permettersi di pagare.<\/p>\n<\/div><div class=\"fusion-sep-clear\"><\/div><div class=\"fusion-separator fusion-full-width-sep\" style=\"margin-left: auto;margin-right: auto;margin-top:30px;width:100%;\"><\/div><div class=\"fusion-sep-clear\"><\/div><div class=\"fusion-clearfix\"><\/div><\/div><\/div><\/div><\/div>\n","protected":false},"excerpt":{"rendered":"<p>Federlogistica lancia l\u2019allarme: i 1 200 cantieri sulla rete RFI e la chiusura estiva del nodo di Genova rischiano di bloccare il traffico merci del Nord. Senza un calendario condiviso e corridoi alternativi, fino a 10 000 TEU saranno dirottati su gomma, con picco di CO\u2082 e dogane in tilt. Senza programmazione l\u2019Italia rischia un blackout logistico. Serve una cabina di regia coesa pubblico-privata<\/p>","protected":false},"author":1,"featured_media":2501,"comment_status":"open","ping_status":"open","sticky":false,"template":"","format":"standard","meta":{"footnotes":""},"categories":[17,3],"tags":[298,299,300,301,302],"class_list":["post-2515","post","type-post","status-publish","format-standard","has-post-thumbnail","hentry","category-logistica","category-latest-articles","tag-cantieri-ferroviari","tag-federlogistica","tag-logistica-italiana","tag-porto-di-genova","tag-rischio-collasso"],"aioseo_notices":[],"aioseo_head":"\n\t\t<!-- All in One SEO 5.0.0.1 - aioseo.com -->\n\t<meta name=\"robots\" content=\"max-image-preview:large\" \/>\n\t<meta name=\"author\" content=\"Redazione\"\/>\n\t<link rel=\"canonical\" href=\"https:\/\/www.unispedag.it\/en\/2025\/06\/26\/cantieri-dagosto-federlogistica-suona-lallarme-rischio-black-out-per-la-catena-logistica\/\" \/>\n\t<meta name=\"generator\" content=\"All in One SEO (AIOSEO) 5.0.0.1\" \/>\n\t\t<script type=\"application\/ld+json\" class=\"aioseo-schema\">\n\t\t\t{\"@context\":\"https:\\\/\\\/schema.org\",\"@graph\":[{\"@type\":\"Article\",\"@id\":\"https:\\\/\\\/www.unispedag.it\\\/en\\\/2025\\\/06\\\/26\\\/cantieri-dagosto-federlogistica-suona-lallarme-rischio-black-out-per-la-catena-logistica\\\/#article\",\"name\":\"Cantieri d\\u2019Agosto: Federlogistica suona l\\u2019allarme, rischio black-out per la catena logistica | UNISPED A.G.\",\"headline\":\"Cantieri d\\u2019Agosto: Federlogistica suona l\\u2019allarme, rischio black-out per la catena logistica\",\"author\":{\"@id\":\"https:\\\/\\\/www.unispedag.it\\\/en\\\/author\\\/uag2a-wg4zert89339opfgterrnm897145yhusddw43z\\\/#author\"},\"publisher\":{\"@id\":\"https:\\\/\\\/www.unispedag.it\\\/en\\\/#organization\"},\"image\":{\"@type\":\"ImageObject\",\"url\":\"https:\\\/\\\/www.unispedag.it\\\/wp-content\\\/uploads\\\/2025\\\/04\\\/trasporto-ferroviario.webp\",\"width\":1920,\"height\":1280},\"datePublished\":\"2025-06-26T09:00:20+02:00\",\"dateModified\":\"2025-06-26T09:04:48+02:00\",\"inLanguage\":\"en-GB\",\"mainEntityOfPage\":{\"@id\":\"https:\\\/\\\/www.unispedag.it\\\/en\\\/2025\\\/06\\\/26\\\/cantieri-dagosto-federlogistica-suona-lallarme-rischio-black-out-per-la-catena-logistica\\\/#webpage\"},\"isPartOf\":{\"@id\":\"https:\\\/\\\/www.unispedag.it\\\/en\\\/2025\\\/06\\\/26\\\/cantieri-dagosto-federlogistica-suona-lallarme-rischio-black-out-per-la-catena-logistica\\\/#webpage\"},\"articleSection\":\"Logistica, Ultimi Articoli, cantieri ferroviari, Federlogistica, logistica italiana, porto di Genova, rischio collasso\"},{\"@type\":\"BreadcrumbList\",\"@id\":\"https:\\\/\\\/www.unispedag.it\\\/en\\\/2025\\\/06\\\/26\\\/cantieri-dagosto-federlogistica-suona-lallarme-rischio-black-out-per-la-catena-logistica\\\/#breadcrumblist\",\"itemListElement\":[{\"@type\":\"ListItem\",\"@id\":\"https:\\\/\\\/www.unispedag.it\\\/en#listItem\",\"position\":1,\"name\":\"Home\",\"item\":\"https:\\\/\\\/www.unispedag.it\\\/en\",\"nextItem\":{\"@type\":\"ListItem\",\"@id\":\"https:\\\/\\\/www.unispedag.it\\\/en\\\/category\\\/latest-articles\\\/#listItem\",\"name\":\"Ultimi Articoli\"}},{\"@type\":\"ListItem\",\"@id\":\"https:\\\/\\\/www.unispedag.it\\\/en\\\/category\\\/latest-articles\\\/#listItem\",\"position\":2,\"name\":\"Ultimi Articoli\",\"item\":\"https:\\\/\\\/www.unispedag.it\\\/en\\\/category\\\/latest-articles\\\/\",\"nextItem\":{\"@type\":\"ListItem\",\"@id\":\"https:\\\/\\\/www.unispedag.it\\\/en\\\/2025\\\/06\\\/26\\\/cantieri-dagosto-federlogistica-suona-lallarme-rischio-black-out-per-la-catena-logistica\\\/#listItem\",\"name\":\"Cantieri d\\u2019Agosto: Federlogistica suona l\\u2019allarme, rischio black-out per la catena logistica\"},\"previousItem\":{\"@type\":\"ListItem\",\"@id\":\"https:\\\/\\\/www.unispedag.it\\\/en#listItem\",\"name\":\"Home\"}},{\"@type\":\"ListItem\",\"@id\":\"https:\\\/\\\/www.unispedag.it\\\/en\\\/2025\\\/06\\\/26\\\/cantieri-dagosto-federlogistica-suona-lallarme-rischio-black-out-per-la-catena-logistica\\\/#listItem\",\"position\":3,\"name\":\"Cantieri d\\u2019Agosto: Federlogistica suona l\\u2019allarme, rischio black-out per la catena logistica\",\"previousItem\":{\"@type\":\"ListItem\",\"@id\":\"https:\\\/\\\/www.unispedag.it\\\/en\\\/category\\\/latest-articles\\\/#listItem\",\"name\":\"Ultimi Articoli\"}}]},{\"@type\":\"Organization\",\"@id\":\"https:\\\/\\\/www.unispedag.it\\\/en\\\/#organization\",\"name\":\"UNISPED A.G.\",\"description\":\"UNISPED AG - Spedizioni internazionali - International forwarding\",\"url\":\"https:\\\/\\\/www.unispedag.it\\\/en\\\/\"},{\"@type\":\"Person\",\"@id\":\"https:\\\/\\\/www.unispedag.it\\\/en\\\/author\\\/uag2a-wg4zert89339opfgterrnm897145yhusddw43z\\\/#author\",\"url\":\"https:\\\/\\\/www.unispedag.it\\\/en\\\/author\\\/uag2a-wg4zert89339opfgterrnm897145yhusddw43z\\\/\",\"name\":\"Redazione\",\"image\":{\"@type\":\"ImageObject\",\"@id\":\"https:\\\/\\\/www.unispedag.it\\\/en\\\/2025\\\/06\\\/26\\\/cantieri-dagosto-federlogistica-suona-lallarme-rischio-black-out-per-la-catena-logistica\\\/#authorImage\",\"url\":\"https:\\\/\\\/secure.gravatar.com\\\/avatar\\\/5f51b38d280ffaa6eec99c1250bf861cc322d1635c2680b43bd01bc37235aa22?s=96&d=mm&r=g\",\"width\":96,\"height\":96,\"caption\":\"Redazione\"}},{\"@type\":\"WebPage\",\"@id\":\"https:\\\/\\\/www.unispedag.it\\\/en\\\/2025\\\/06\\\/26\\\/cantieri-dagosto-federlogistica-suona-lallarme-rischio-black-out-per-la-catena-logistica\\\/#webpage\",\"url\":\"https:\\\/\\\/www.unispedag.it\\\/en\\\/2025\\\/06\\\/26\\\/cantieri-dagosto-federlogistica-suona-lallarme-rischio-black-out-per-la-catena-logistica\\\/\",\"name\":\"Cantieri d\\u2019Agosto: Federlogistica suona l\\u2019allarme, rischio black-out per la catena logistica | UNISPED A.G.\",\"inLanguage\":\"en-GB\",\"isPartOf\":{\"@id\":\"https:\\\/\\\/www.unispedag.it\\\/en\\\/#website\"},\"breadcrumb\":{\"@id\":\"https:\\\/\\\/www.unispedag.it\\\/en\\\/2025\\\/06\\\/26\\\/cantieri-dagosto-federlogistica-suona-lallarme-rischio-black-out-per-la-catena-logistica\\\/#breadcrumblist\"},\"author\":{\"@id\":\"https:\\\/\\\/www.unispedag.it\\\/en\\\/author\\\/uag2a-wg4zert89339opfgterrnm897145yhusddw43z\\\/#author\"},\"creator\":{\"@id\":\"https:\\\/\\\/www.unispedag.it\\\/en\\\/author\\\/uag2a-wg4zert89339opfgterrnm897145yhusddw43z\\\/#author\"},\"image\":{\"@type\":\"ImageObject\",\"url\":\"https:\\\/\\\/www.unispedag.it\\\/wp-content\\\/uploads\\\/2025\\\/04\\\/trasporto-ferroviario.webp\",\"@id\":\"https:\\\/\\\/www.unispedag.it\\\/en\\\/2025\\\/06\\\/26\\\/cantieri-dagosto-federlogistica-suona-lallarme-rischio-black-out-per-la-catena-logistica\\\/#mainImage\",\"width\":1920,\"height\":1280},\"primaryImageOfPage\":{\"@id\":\"https:\\\/\\\/www.unispedag.it\\\/en\\\/2025\\\/06\\\/26\\\/cantieri-dagosto-federlogistica-suona-lallarme-rischio-black-out-per-la-catena-logistica\\\/#mainImage\"},\"datePublished\":\"2025-06-26T09:00:20+02:00\",\"dateModified\":\"2025-06-26T09:04:48+02:00\"},{\"@type\":\"WebSite\",\"@id\":\"https:\\\/\\\/www.unispedag.it\\\/en\\\/#website\",\"url\":\"https:\\\/\\\/www.unispedag.it\\\/en\\\/\",\"name\":\"UNISPED A.G.\",\"description\":\"UNISPED AG - Spedizioni internazionali - International forwarding\",\"inLanguage\":\"en-GB\",\"publisher\":{\"@id\":\"https:\\\/\\\/www.unispedag.it\\\/en\\\/#organization\"}}]}\n\t\t<\/script>\n\t\t<!-- All in One SEO -->\n\n","aioseo_head_json":{"title":"Cantieri d\u2019Agosto: Federlogistica suona l\u2019allarme, rischio black-out per la catena logistica | UNISPED A.G.","description":"","canonical_url":"https:\/\/www.unispedag.it\/en\/2025\/06\/26\/cantieri-dagosto-federlogistica-suona-lallarme-rischio-black-out-per-la-catena-logistica\/","robots":"max-image-preview:large","keywords":"","webmasterTools":{"miscellaneous":""},"schema":{"@context":"https:\/\/schema.org","@graph":[{"@type":"Article","@id":"https:\/\/www.unispedag.it\/en\/2025\/06\/26\/cantieri-dagosto-federlogistica-suona-lallarme-rischio-black-out-per-la-catena-logistica\/#article","name":"Cantieri d\u2019Agosto: Federlogistica suona l\u2019allarme, rischio black-out per la catena logistica | UNISPED A.G.","headline":"Cantieri d\u2019Agosto: Federlogistica suona l\u2019allarme, rischio black-out per la catena logistica","author":{"@id":"https:\/\/www.unispedag.it\/en\/author\/uag2a-wg4zert89339opfgterrnm897145yhusddw43z\/#author"},"publisher":{"@id":"https:\/\/www.unispedag.it\/en\/#organization"},"image":{"@type":"ImageObject","url":"https:\/\/www.unispedag.it\/wp-content\/uploads\/2025\/04\/trasporto-ferroviario.webp","width":1920,"height":1280},"datePublished":"2025-06-26T09:00:20+02:00","dateModified":"2025-06-26T09:04:48+02:00","inLanguage":"en-GB","mainEntityOfPage":{"@id":"https:\/\/www.unispedag.it\/en\/2025\/06\/26\/cantieri-dagosto-federlogistica-suona-lallarme-rischio-black-out-per-la-catena-logistica\/#webpage"},"isPartOf":{"@id":"https:\/\/www.unispedag.it\/en\/2025\/06\/26\/cantieri-dagosto-federlogistica-suona-lallarme-rischio-black-out-per-la-catena-logistica\/#webpage"},"articleSection":"Logistica, Ultimi Articoli, cantieri ferroviari, Federlogistica, logistica italiana, porto di Genova, rischio collasso"},{"@type":"BreadcrumbList","@id":"https:\/\/www.unispedag.it\/en\/2025\/06\/26\/cantieri-dagosto-federlogistica-suona-lallarme-rischio-black-out-per-la-catena-logistica\/#breadcrumblist","itemListElement":[{"@type":"ListItem","@id":"https:\/\/www.unispedag.it\/en#listItem","position":1,"name":"Home","item":"https:\/\/www.unispedag.it\/en","nextItem":{"@type":"ListItem","@id":"https:\/\/www.unispedag.it\/en\/category\/latest-articles\/#listItem","name":"Ultimi Articoli"}},{"@type":"ListItem","@id":"https:\/\/www.unispedag.it\/en\/category\/latest-articles\/#listItem","position":2,"name":"Ultimi Articoli","item":"https:\/\/www.unispedag.it\/en\/category\/latest-articles\/","nextItem":{"@type":"ListItem","@id":"https:\/\/www.unispedag.it\/en\/2025\/06\/26\/cantieri-dagosto-federlogistica-suona-lallarme-rischio-black-out-per-la-catena-logistica\/#listItem","name":"Cantieri d\u2019Agosto: Federlogistica suona l\u2019allarme, rischio black-out per la catena logistica"},"previousItem":{"@type":"ListItem","@id":"https:\/\/www.unispedag.it\/en#listItem","name":"Home"}},{"@type":"ListItem","@id":"https:\/\/www.unispedag.it\/en\/2025\/06\/26\/cantieri-dagosto-federlogistica-suona-lallarme-rischio-black-out-per-la-catena-logistica\/#listItem","position":3,"name":"Cantieri d\u2019Agosto: Federlogistica suona l\u2019allarme, rischio black-out per la catena logistica","previousItem":{"@type":"ListItem","@id":"https:\/\/www.unispedag.it\/en\/category\/latest-articles\/#listItem","name":"Ultimi Articoli"}}]},{"@type":"Organization","@id":"https:\/\/www.unispedag.it\/en\/#organization","name":"UNISPED A.G.","description":"UNISPED AG - Spedizioni internazionali - International forwarding","url":"https:\/\/www.unispedag.it\/en\/"},{"@type":"Person","@id":"https:\/\/www.unispedag.it\/en\/author\/uag2a-wg4zert89339opfgterrnm897145yhusddw43z\/#author","url":"https:\/\/www.unispedag.it\/en\/author\/uag2a-wg4zert89339opfgterrnm897145yhusddw43z\/","name":"Redazione","image":{"@type":"ImageObject","@id":"https:\/\/www.unispedag.it\/en\/2025\/06\/26\/cantieri-dagosto-federlogistica-suona-lallarme-rischio-black-out-per-la-catena-logistica\/#authorImage","url":"https:\/\/secure.gravatar.com\/avatar\/5f51b38d280ffaa6eec99c1250bf861cc322d1635c2680b43bd01bc37235aa22?s=96&d=mm&r=g","width":96,"height":96,"caption":"Redazione"}},{"@type":"WebPage","@id":"https:\/\/www.unispedag.it\/en\/2025\/06\/26\/cantieri-dagosto-federlogistica-suona-lallarme-rischio-black-out-per-la-catena-logistica\/#webpage","url":"https:\/\/www.unispedag.it\/en\/2025\/06\/26\/cantieri-dagosto-federlogistica-suona-lallarme-rischio-black-out-per-la-catena-logistica\/","name":"Cantieri d\u2019Agosto: Federlogistica suona l\u2019allarme, rischio black-out per la catena logistica | UNISPED A.G.","inLanguage":"en-GB","isPartOf":{"@id":"https:\/\/www.unispedag.it\/en\/#website"},"breadcrumb":{"@id":"https:\/\/www.unispedag.it\/en\/2025\/06\/26\/cantieri-dagosto-federlogistica-suona-lallarme-rischio-black-out-per-la-catena-logistica\/#breadcrumblist"},"author":{"@id":"https:\/\/www.unispedag.it\/en\/author\/uag2a-wg4zert89339opfgterrnm897145yhusddw43z\/#author"},"creator":{"@id":"https:\/\/www.unispedag.it\/en\/author\/uag2a-wg4zert89339opfgterrnm897145yhusddw43z\/#author"},"image":{"@type":"ImageObject","url":"https:\/\/www.unispedag.it\/wp-content\/uploads\/2025\/04\/trasporto-ferroviario.webp","@id":"https:\/\/www.unispedag.it\/en\/2025\/06\/26\/cantieri-dagosto-federlogistica-suona-lallarme-rischio-black-out-per-la-catena-logistica\/#mainImage","width":1920,"height":1280},"primaryImageOfPage":{"@id":"https:\/\/www.unispedag.it\/en\/2025\/06\/26\/cantieri-dagosto-federlogistica-suona-lallarme-rischio-black-out-per-la-catena-logistica\/#mainImage"},"datePublished":"2025-06-26T09:00:20+02:00","dateModified":"2025-06-26T09:04:48+02:00"},{"@type":"WebSite","@id":"https:\/\/www.unispedag.it\/en\/#website","url":"https:\/\/www.unispedag.it\/en\/","name":"UNISPED A.G.","description":"UNISPED AG - Spedizioni internazionali - International forwarding","inLanguage":"en-GB","publisher":{"@id":"https:\/\/www.unispedag.it\/en\/#organization"}}]}},"aioseo_meta_data":{"post_id":"2515","title":null,"description":null,"keywords":null,"keyphrases":{"focus":[],"additional":[]},"primary_term":null,"canonical_url":null,"og_title":null,"og_description":null,"og_object_type":"default","og_image_type":"default","og_image_url":null,"og_image_width":null,"og_image_height":null,"og_image_custom_url":null,"og_image_custom_fields":null,"og_video":"","og_custom_url":null,"og_article_section":null,"og_article_tags":null,"twitter_use_og":false,"twitter_card":"default","twitter_image_type":"default","twitter_image_url":null,"twitter_image_custom_url":null,"twitter_image_custom_fields":null,"twitter_title":null,"twitter_description":null,"schema":{"blockGraphs":[],"customGraphs":[],"default":{"data":{"Article":[],"Course":[],"Dataset":[],"FAQPage":[],"Movie":[],"Person":[],"Product":[],"ProductReview":[],"Car":[],"Recipe":[],"Service":[],"SoftwareApplication":[],"WebPage":[]},"graphName":"Article","isEnabled":true},"graphs":[]},"schema_type":"default","schema_type_options":null,"pillar_content":false,"robots_default":true,"robots_noindex":false,"robots_noarchive":false,"robots_nosnippet":false,"robots_nofollow":false,"robots_noimageindex":false,"robots_noodp":false,"robots_notranslate":false,"robots_max_snippet":"-1","robots_max_videopreview":"-1","robots_max_imagepreview":"large","priority":null,"frequency":"default","location":null,"local_seo":null,"breadcrumb_settings":null,"limit_modified_date":false,"ai":null,"created":"2025-06-26 07:00:22","updated":"2026-08-24 10:11:35","seo_analyzer_scan_date":null,"focus_keyword":null,"additional_keywords":null,"truseo_locale":null},"aioseo_breadcrumb":"<div class=\"aioseo-breadcrumbs\"><span class=\"aioseo-breadcrumb\">\n\t\t\t<a href=\"https:\/\/www.unispedag.it\/en\" title=\"Home\">Home<\/a>\n\t\t<\/span><span class=\"aioseo-breadcrumb-separator\">&raquo;<\/span><span class=\"aioseo-breadcrumb\">\n\t\t\t<a href=\"https:\/\/www.unispedag.it\/en\/category\/latest-articles\/\" title=\"Ultimi Articoli\">Ultimi Articoli<\/a>\n\t\t<\/span><span class=\"aioseo-breadcrumb-separator\">&raquo;<\/span><span class=\"aioseo-breadcrumb\">\n\t\t\tCantieri d\u2019Agosto: Federlogistica suona l\u2019allarme, rischio black-out per la catena logistica\n\t\t<\/span><\/div>","aioseo_breadcrumb_json":[{"label":"Home","link":"https:\/\/www.unispedag.it\/en"},{"label":"Ultimi Articoli","link":"https:\/\/www.unispedag.it\/en\/category\/latest-articles\/"},{"label":"Cantieri d\u2019Agosto: Federlogistica suona l\u2019allarme, rischio black-out per la catena logistica","link":"https:\/\/www.unispedag.it\/en\/2025\/06\/26\/cantieri-dagosto-federlogistica-suona-lallarme-rischio-black-out-per-la-catena-logistica\/"}],"_links":{"self":[{"href":"https:\/\/www.unispedag.it\/en\/wp-json\/wp\/v2\/posts\/2515","targetHints":{"allow":["GET"]}}],"collection":[{"href":"https:\/\/www.unispedag.it\/en\/wp-json\/wp\/v2\/posts"}],"about":[{"href":"https:\/\/www.unispedag.it\/en\/wp-json\/wp\/v2\/types\/post"}],"author":[{"embeddable":true,"href":"https:\/\/www.unispedag.it\/en\/wp-json\/wp\/v2\/users\/1"}],"replies":[{"embeddable":true,"href":"https:\/\/www.unispedag.it\/en\/wp-json\/wp\/v2\/comments?post=2515"}],"version-history":[{"count":2,"href":"https:\/\/www.unispedag.it\/en\/wp-json\/wp\/v2\/posts\/2515\/revisions"}],"predecessor-version":[{"id":2517,"href":"https:\/\/www.unispedag.it\/en\/wp-json\/wp\/v2\/posts\/2515\/revisions\/2517"}],"wp:featuredmedia":[{"embeddable":true,"href":"https:\/\/www.unispedag.it\/en\/wp-json\/wp\/v2\/media\/2501"}],"wp:attachment":[{"href":"https:\/\/www.unispedag.it\/en\/wp-json\/wp\/v2\/media?parent=2515"}],"wp:term":[{"taxonomy":"category","embeddable":true,"href":"https:\/\/www.unispedag.it\/en\/wp-json\/wp\/v2\/categories?post=2515"},{"taxonomy":"post_tag","embeddable":true,"href":"https:\/\/www.unispedag.it\/en\/wp-json\/wp\/v2\/tags?post=2515"}],"curies":[{"name":"wp","href":"https:\/\/api.w.org\/{rel}","templated":true}]}}