{"id":2553,"date":"2026-01-15T09:22:39","date_gmt":"2026-01-15T08:22:39","guid":{"rendered":"https:\/\/www.unispedag.it\/?p=2553"},"modified":"2026-01-15T09:23:58","modified_gmt":"2026-01-15T08:23:58","slug":"napoli-e-salerno-ridisegnano-il-futuro-tra-intermodalit-e-sostenibilit","status":"publish","type":"post","link":"https:\/\/www.unispedag.it\/en\/2026\/01\/15\/napoli-e-salerno-ridisegnano-il-futuro-tra-intermodalit-e-sostenibilit\/","title":{"rendered":"Napoli e Salerno ridisegnano il futuro tra intermodalit\u00e0 e sostenibilit\u00e0"},"content":{"rendered":"<div class=\"fusion-fullwidth fullwidth-box fusion-builder-row-1 nonhundred-percent-fullwidth non-hundred-percent-height-scrolling\" style=\"--awb-background-position:left top;--awb-border-sizes-top:0px;--awb-border-sizes-bottom:0px;--awb-border-sizes-left:0px;--awb-border-sizes-right:0px;--awb-border-radius-top-left:0px;--awb-border-radius-top-right:0px;--awb-border-radius-bottom-right:0px;--awb-border-radius-bottom-left:0px;--awb-padding-top:0px;--awb-padding-bottom:20px;--awb-flex-wrap:wrap;\" ><div class=\"fusion-builder-row fusion-row\"><div class=\"fusion-layout-column fusion_builder_column fusion-builder-column-0 fusion_builder_column_1_1 1_1 fusion-one-full fusion-column-first fusion-column-last\" style=\"--awb-padding-right:10%;--awb-padding-left:10%;--awb-bg-size:cover;\"><div class=\"fusion-column-wrapper fusion-flex-column-wrapper-legacy\"><div class=\"fusion-image-element fusion-image-align-center in-legacy-container\" style=\"text-align:center;--awb-caption-title-font-family:var(--h2_typography-font-family);--awb-caption-title-font-weight:var(--h2_typography-font-weight);--awb-caption-title-font-style:var(--h2_typography-font-style);--awb-caption-title-size:var(--h2_typography-font-size);--awb-caption-title-transform:var(--h2_typography-text-transform);--awb-caption-title-line-height:var(--h2_typography-line-height);--awb-caption-title-letter-spacing:var(--h2_typography-letter-spacing);\"><div class=\"imageframe-align-center\"><span class=\" fusion-imageframe imageframe-none imageframe-1 hover-type-none\"><img decoding=\"async\" width=\"30\" height=\"16\" title=\"divide\" src=\"https:\/\/www.unispedag.it\/wp-content\/uploads\/2016\/07\/divide-1.png\" alt class=\"img-responsive wp-image-144\"\/><\/span><\/div><\/div><div class=\"fusion-sep-clear\"><\/div><div class=\"fusion-separator fusion-full-width-sep\" style=\"margin-left: auto;margin-right: auto;margin-top:20px;margin-bottom:30px;width:100%;\"><\/div><div class=\"fusion-sep-clear\"><\/div><div class=\"fusion-image-element fusion-image-align-center in-legacy-container\" style=\"text-align:center;--awb-liftup-border-radius:0px;--awb-caption-title-font-family:var(--h2_typography-font-family);--awb-caption-title-font-weight:var(--h2_typography-font-weight);--awb-caption-title-font-style:var(--h2_typography-font-style);--awb-caption-title-size:var(--h2_typography-font-size);--awb-caption-title-transform:var(--h2_typography-text-transform);--awb-caption-title-line-height:var(--h2_typography-line-height);--awb-caption-title-letter-spacing:var(--h2_typography-letter-spacing);\"><div class=\"imageframe-align-center\"><div class=\"awb-image-frame awb-image-frame-2 imageframe-liftup\"><span class=\" fusion-imageframe imageframe-none imageframe-2\"><a href=\"https:\/\/www.unispedag.it\/wp-content\/uploads\/2025\/10\/Porto-di-Salerno1920x1280.webp\" class=\"fusion-lightbox\" data-rel=\"iLightbox[aa7e90384d87c3fa81a]\" data-title=\"Porto di Salerno1920x1280\" title=\"Porto di Salerno1920x1280\"><img decoding=\"async\" width=\"1920\" height=\"1280\" src=\"https:\/\/www.unispedag.it\/wp-content\/uploads\/2025\/10\/Porto-di-Salerno1920x1280.webp\" alt class=\"img-responsive wp-image-2535\" srcset=\"https:\/\/www.unispedag.it\/wp-content\/uploads\/2025\/10\/Porto-di-Salerno1920x1280-200x133.webp 200w, https:\/\/www.unispedag.it\/wp-content\/uploads\/2025\/10\/Porto-di-Salerno1920x1280-400x267.webp 400w, https:\/\/www.unispedag.it\/wp-content\/uploads\/2025\/10\/Porto-di-Salerno1920x1280-600x400.webp 600w, https:\/\/www.unispedag.it\/wp-content\/uploads\/2025\/10\/Porto-di-Salerno1920x1280-800x533.webp 800w, https:\/\/www.unispedag.it\/wp-content\/uploads\/2025\/10\/Porto-di-Salerno1920x1280-1200x800.webp 1200w, https:\/\/www.unispedag.it\/wp-content\/uploads\/2025\/10\/Porto-di-Salerno1920x1280.webp 1920w\" sizes=\"(max-width: 1000px) 100vw, 1200px\" \/><\/a><\/span><\/div><\/div><\/div><div class=\"fusion-sep-clear\"><\/div><div class=\"fusion-separator fusion-full-width-sep\" style=\"margin-left: auto;margin-right: auto;margin-top:50px;width:100%;\"><\/div><div class=\"fusion-sep-clear\"><\/div><div class=\"fusion-text fusion-text-1\"><p><span class=\"fusion-dropcap dropcap dropcap-boxed N\" style=\"--awb-border-radius:50%;\">I<\/span>l volto della portualit\u00e0 campana si appresta a cambiare radicalmente, grazie a una serie di interventi strutturali che puntano a trasformare gli scali di Napoli e Salerno in moderni hub logistici e turistici. Non si tratta solo di ammodernamenti tecnici, ma di una visione strategica che mira a integrare finalmente le aree portuali con il tessuto urbano e le esigenze dei viaggiatori, rispettando al contempo gli equilibri ambientali e paesaggistici dei territori.<\/p>\n<p data-path-to-node=\"4\">A Napoli, il fulcro del cambiamento \u00e8 rappresentato dal Molo Beverello. L&#8217;area si sta trasformando in un sofisticato terminal passeggeri, dove l&#8217;efficienza dei servizi si sposa con il miglioramento della vivibilit\u00e0 cittadina. Uno dei tasselli fondamentali di questa evoluzione \u00e8 la creazione di un grande parcheggio interrato da 450 posti auto, pensato per decongestionare il traffico di superficie e offrire una soluzione di sosta moderna per chi \u00e8 diretto verso le isole o il centro storico. Ma la vera rivoluzione sta nell&#8217;intermodalit\u00e0: il porto diventa un punto di snodo cruciale dove si incontrano il trasporto marittimo e la metropolitana. Grazie ai nuovi collegamenti sotterranei, i passeggeri potranno muoversi fluidamente tra banchine e stazioni ferroviarie, rendendo lo scalo napoletano uno dei pi\u00f9 avanzati hub intermodali del Mediterraneo. All&#8217;interno delle nuove strutture, inoltre, troveranno spazio servizi di accoglienza e buvette, pensati per elevare gli standard dell&#8217;esperienza turistica.<\/p>\n<p data-path-to-node=\"5\">Spostando lo sguardo verso sud, anche il porto di Salerno sta vivendo una fase di profondo rinnovamento, seppur con un approccio mirato alla tutela del territorio. Qui, la priorit\u00e0 \u00e8 il dialogo costante tra l&#8217;Autorit\u00e0 Portuale e le amministrazioni locali, con l&#8217;obiettivo di potenziare i collegamenti logistici senza compromettere la bellezza della Costiera Amalfitana. Gli incontri tecnici tra i vertici portuali, i rappresentanti della Regione e i sindaci dell&#8217;area hanno confermato la volont\u00e0 di procedere con lavori infrastrutturali strategici, necessari per gestire i flussi di merci e passeggeri in costante crescita.<\/p>\n<p data-path-to-node=\"6\">Tuttavia, lo sviluppo di Salerno segue una linea guida precisa: l&#8217;armonia con il paesaggio. I vertici tecnici dell&#8217;Autorit\u00e0 hanno rassicurato sulla natura degli interventi, sottolineando che non vi sar\u00e0 alcuna modifica invasiva o stravolgimento estetico che possa deturpare l&#8217;identit\u00e0 visiva dello scalo. La sfida \u00e8 quella di migliorare la viabilit\u00e0 interna e i servizi senza ricorrere a impatti volumetrici pesanti, puntando piuttosto sull&#8217;ottimizzazione degli spazi esistenti e sull&#8217;efficienza operativa.<\/p>\n<p data-path-to-node=\"7\">In entrambi i poli del sistema campano, il filo conduttore \u00e8 chiaro: l&#8217;innovazione non deve essere fine a se stessa, ma deve tradursi in una maggiore facilit\u00e0 di movimento per i cittadini e in un biglietto da visita d&#8217;eccellenza per i visitatori internazionali. Tra cantieri in corso e progetti pronti a decollare, Napoli e Salerno si preparano a giocare un ruolo da protagonisti nel nuovo assetto della logistica marittima globale.<\/p>\n<\/div><div class=\"fusion-sep-clear\"><\/div><div class=\"fusion-separator fusion-full-width-sep\" style=\"margin-left: auto;margin-right: auto;margin-top:30px;width:100%;\"><\/div><div class=\"fusion-sep-clear\"><\/div><div class=\"fusion-clearfix\"><\/div><\/div><\/div><\/div><\/div>\n","protected":false},"excerpt":{"rendered":"<p>I porti di Napoli e Salerno si trasformano in hub logistici e turistici all\u2019avanguardia, ridefinendo il sistema portuale campano. A Napoli, il Molo Beverello diventa un cuore pulsante di intermodalit\u00e0: tra un nuovo parcheggio da 450 posti, buvette e il collegamento diretto con la metropolitana, lo scalo punta a un\u2019integrazione totale con la citt\u00e0. Parallelamente, Salerno accelera il passo attraverso un dialogo serrato con i sindaci della provincia, puntando su interventi infrastrutturali non invasivi che potenziano l&#8217;efficienza senza deturpare la bellezza del paesaggio costiero&#8230;<\/p>","protected":false},"author":1,"featured_media":2535,"comment_status":"open","ping_status":"open","sticky":false,"template":"","format":"standard","meta":{"footnotes":""},"categories":[3],"tags":[338,163,339,64,340],"class_list":["post-2553","post","type-post","status-publish","format-standard","has-post-thumbnail","hentry","category-latest-articles","tag-innovazione-portuale","tag-intermodalita","tag-molo-beverello","tag-salerno","tag-trasporti-2026"],"aioseo_notices":[],"aioseo_head":"\n\t\t<!-- All in One SEO 5.0.0.1 - aioseo.com -->\n\t<meta name=\"robots\" content=\"max-image-preview:large\" \/>\n\t<meta name=\"author\" content=\"Redazione\"\/>\n\t<link rel=\"canonical\" href=\"https:\/\/www.unispedag.it\/en\/2026\/01\/15\/napoli-e-salerno-ridisegnano-il-futuro-tra-intermodalit-e-sostenibilit\/\" \/>\n\t<meta name=\"generator\" content=\"All in One SEO (AIOSEO) 5.0.0.1\" \/>\n\t\t<script type=\"application\/ld+json\" class=\"aioseo-schema\">\n\t\t\t{\"@context\":\"https:\\\/\\\/schema.org\",\"@graph\":[{\"@type\":\"Article\",\"@id\":\"https:\\\/\\\/www.unispedag.it\\\/en\\\/2026\\\/01\\\/15\\\/napoli-e-salerno-ridisegnano-il-futuro-tra-intermodalit-e-sostenibilit\\\/#article\",\"name\":\"Napoli e Salerno ridisegnano il futuro tra intermodalit\\u00e0 e sostenibilit\\u00e0 | UNISPED A.G.\",\"headline\":\"Napoli e Salerno ridisegnano il futuro tra intermodalit\\u00e0 e sostenibilit\\u00e0\",\"author\":{\"@id\":\"https:\\\/\\\/www.unispedag.it\\\/en\\\/author\\\/uag2a-wg4zert89339opfgterrnm897145yhusddw43z\\\/#author\"},\"publisher\":{\"@id\":\"https:\\\/\\\/www.unispedag.it\\\/en\\\/#organization\"},\"image\":{\"@type\":\"ImageObject\",\"url\":\"https:\\\/\\\/www.unispedag.it\\\/wp-content\\\/uploads\\\/2025\\\/10\\\/Porto-di-Salerno1920x1280.webp\",\"width\":1920,\"height\":1280},\"datePublished\":\"2026-01-15T09:22:39+01:00\",\"dateModified\":\"2026-01-15T09:23:58+01:00\",\"inLanguage\":\"en-GB\",\"mainEntityOfPage\":{\"@id\":\"https:\\\/\\\/www.unispedag.it\\\/en\\\/2026\\\/01\\\/15\\\/napoli-e-salerno-ridisegnano-il-futuro-tra-intermodalit-e-sostenibilit\\\/#webpage\"},\"isPartOf\":{\"@id\":\"https:\\\/\\\/www.unispedag.it\\\/en\\\/2026\\\/01\\\/15\\\/napoli-e-salerno-ridisegnano-il-futuro-tra-intermodalit-e-sostenibilit\\\/#webpage\"},\"articleSection\":\"Ultimi Articoli, innovazione portuale, intermodalit\\u00e0, Molo Beverello, salerno, trasporti 2026\"},{\"@type\":\"BreadcrumbList\",\"@id\":\"https:\\\/\\\/www.unispedag.it\\\/en\\\/2026\\\/01\\\/15\\\/napoli-e-salerno-ridisegnano-il-futuro-tra-intermodalit-e-sostenibilit\\\/#breadcrumblist\",\"itemListElement\":[{\"@type\":\"ListItem\",\"@id\":\"https:\\\/\\\/www.unispedag.it\\\/en#listItem\",\"position\":1,\"name\":\"Home\",\"item\":\"https:\\\/\\\/www.unispedag.it\\\/en\",\"nextItem\":{\"@type\":\"ListItem\",\"@id\":\"https:\\\/\\\/www.unispedag.it\\\/en\\\/category\\\/latest-articles\\\/#listItem\",\"name\":\"Ultimi Articoli\"}},{\"@type\":\"ListItem\",\"@id\":\"https:\\\/\\\/www.unispedag.it\\\/en\\\/category\\\/latest-articles\\\/#listItem\",\"position\":2,\"name\":\"Ultimi Articoli\",\"item\":\"https:\\\/\\\/www.unispedag.it\\\/en\\\/category\\\/latest-articles\\\/\",\"nextItem\":{\"@type\":\"ListItem\",\"@id\":\"https:\\\/\\\/www.unispedag.it\\\/en\\\/2026\\\/01\\\/15\\\/napoli-e-salerno-ridisegnano-il-futuro-tra-intermodalit-e-sostenibilit\\\/#listItem\",\"name\":\"Napoli e Salerno ridisegnano il futuro tra intermodalit\\u00e0 e sostenibilit\\u00e0\"},\"previousItem\":{\"@type\":\"ListItem\",\"@id\":\"https:\\\/\\\/www.unispedag.it\\\/en#listItem\",\"name\":\"Home\"}},{\"@type\":\"ListItem\",\"@id\":\"https:\\\/\\\/www.unispedag.it\\\/en\\\/2026\\\/01\\\/15\\\/napoli-e-salerno-ridisegnano-il-futuro-tra-intermodalit-e-sostenibilit\\\/#listItem\",\"position\":3,\"name\":\"Napoli e Salerno ridisegnano il futuro tra intermodalit\\u00e0 e sostenibilit\\u00e0\",\"previousItem\":{\"@type\":\"ListItem\",\"@id\":\"https:\\\/\\\/www.unispedag.it\\\/en\\\/category\\\/latest-articles\\\/#listItem\",\"name\":\"Ultimi Articoli\"}}]},{\"@type\":\"Organization\",\"@id\":\"https:\\\/\\\/www.unispedag.it\\\/en\\\/#organization\",\"name\":\"UNISPED A.G.\",\"description\":\"UNISPED AG - Spedizioni internazionali - International forwarding\",\"url\":\"https:\\\/\\\/www.unispedag.it\\\/en\\\/\"},{\"@type\":\"Person\",\"@id\":\"https:\\\/\\\/www.unispedag.it\\\/en\\\/author\\\/uag2a-wg4zert89339opfgterrnm897145yhusddw43z\\\/#author\",\"url\":\"https:\\\/\\\/www.unispedag.it\\\/en\\\/author\\\/uag2a-wg4zert89339opfgterrnm897145yhusddw43z\\\/\",\"name\":\"Redazione\",\"image\":{\"@type\":\"ImageObject\",\"@id\":\"https:\\\/\\\/www.unispedag.it\\\/en\\\/2026\\\/01\\\/15\\\/napoli-e-salerno-ridisegnano-il-futuro-tra-intermodalit-e-sostenibilit\\\/#authorImage\",\"url\":\"https:\\\/\\\/secure.gravatar.com\\\/avatar\\\/5f51b38d280ffaa6eec99c1250bf861cc322d1635c2680b43bd01bc37235aa22?s=96&d=mm&r=g\",\"width\":96,\"height\":96,\"caption\":\"Redazione\"}},{\"@type\":\"WebPage\",\"@id\":\"https:\\\/\\\/www.unispedag.it\\\/en\\\/2026\\\/01\\\/15\\\/napoli-e-salerno-ridisegnano-il-futuro-tra-intermodalit-e-sostenibilit\\\/#webpage\",\"url\":\"https:\\\/\\\/www.unispedag.it\\\/en\\\/2026\\\/01\\\/15\\\/napoli-e-salerno-ridisegnano-il-futuro-tra-intermodalit-e-sostenibilit\\\/\",\"name\":\"Napoli e Salerno ridisegnano il futuro tra intermodalit\\u00e0 e sostenibilit\\u00e0 | UNISPED A.G.\",\"inLanguage\":\"en-GB\",\"isPartOf\":{\"@id\":\"https:\\\/\\\/www.unispedag.it\\\/en\\\/#website\"},\"breadcrumb\":{\"@id\":\"https:\\\/\\\/www.unispedag.it\\\/en\\\/2026\\\/01\\\/15\\\/napoli-e-salerno-ridisegnano-il-futuro-tra-intermodalit-e-sostenibilit\\\/#breadcrumblist\"},\"author\":{\"@id\":\"https:\\\/\\\/www.unispedag.it\\\/en\\\/author\\\/uag2a-wg4zert89339opfgterrnm897145yhusddw43z\\\/#author\"},\"creator\":{\"@id\":\"https:\\\/\\\/www.unispedag.it\\\/en\\\/author\\\/uag2a-wg4zert89339opfgterrnm897145yhusddw43z\\\/#author\"},\"image\":{\"@type\":\"ImageObject\",\"url\":\"https:\\\/\\\/www.unispedag.it\\\/wp-content\\\/uploads\\\/2025\\\/10\\\/Porto-di-Salerno1920x1280.webp\",\"@id\":\"https:\\\/\\\/www.unispedag.it\\\/en\\\/2026\\\/01\\\/15\\\/napoli-e-salerno-ridisegnano-il-futuro-tra-intermodalit-e-sostenibilit\\\/#mainImage\",\"width\":1920,\"height\":1280},\"primaryImageOfPage\":{\"@id\":\"https:\\\/\\\/www.unispedag.it\\\/en\\\/2026\\\/01\\\/15\\\/napoli-e-salerno-ridisegnano-il-futuro-tra-intermodalit-e-sostenibilit\\\/#mainImage\"},\"datePublished\":\"2026-01-15T09:22:39+01:00\",\"dateModified\":\"2026-01-15T09:23:58+01:00\"},{\"@type\":\"WebSite\",\"@id\":\"https:\\\/\\\/www.unispedag.it\\\/en\\\/#website\",\"url\":\"https:\\\/\\\/www.unispedag.it\\\/en\\\/\",\"name\":\"UNISPED A.G.\",\"description\":\"UNISPED AG - Spedizioni internazionali - International forwarding\",\"inLanguage\":\"en-GB\",\"publisher\":{\"@id\":\"https:\\\/\\\/www.unispedag.it\\\/en\\\/#organization\"}}]}\n\t\t<\/script>\n\t\t<!-- All in One SEO -->\n\n","aioseo_head_json":{"title":"Napoli e Salerno ridisegnano il futuro tra intermodalit\u00e0 e sostenibilit\u00e0 | UNISPED A.G.","description":"","canonical_url":"https:\/\/www.unispedag.it\/en\/2026\/01\/15\/napoli-e-salerno-ridisegnano-il-futuro-tra-intermodalit-e-sostenibilit\/","robots":"max-image-preview:large","keywords":"","webmasterTools":{"miscellaneous":""},"schema":{"@context":"https:\/\/schema.org","@graph":[{"@type":"Article","@id":"https:\/\/www.unispedag.it\/en\/2026\/01\/15\/napoli-e-salerno-ridisegnano-il-futuro-tra-intermodalit-e-sostenibilit\/#article","name":"Napoli e Salerno ridisegnano il futuro tra intermodalit\u00e0 e sostenibilit\u00e0 | UNISPED A.G.","headline":"Napoli e Salerno ridisegnano il futuro tra intermodalit\u00e0 e sostenibilit\u00e0","author":{"@id":"https:\/\/www.unispedag.it\/en\/author\/uag2a-wg4zert89339opfgterrnm897145yhusddw43z\/#author"},"publisher":{"@id":"https:\/\/www.unispedag.it\/en\/#organization"},"image":{"@type":"ImageObject","url":"https:\/\/www.unispedag.it\/wp-content\/uploads\/2025\/10\/Porto-di-Salerno1920x1280.webp","width":1920,"height":1280},"datePublished":"2026-01-15T09:22:39+01:00","dateModified":"2026-01-15T09:23:58+01:00","inLanguage":"en-GB","mainEntityOfPage":{"@id":"https:\/\/www.unispedag.it\/en\/2026\/01\/15\/napoli-e-salerno-ridisegnano-il-futuro-tra-intermodalit-e-sostenibilit\/#webpage"},"isPartOf":{"@id":"https:\/\/www.unispedag.it\/en\/2026\/01\/15\/napoli-e-salerno-ridisegnano-il-futuro-tra-intermodalit-e-sostenibilit\/#webpage"},"articleSection":"Ultimi Articoli, innovazione portuale, intermodalit\u00e0, Molo Beverello, salerno, trasporti 2026"},{"@type":"BreadcrumbList","@id":"https:\/\/www.unispedag.it\/en\/2026\/01\/15\/napoli-e-salerno-ridisegnano-il-futuro-tra-intermodalit-e-sostenibilit\/#breadcrumblist","itemListElement":[{"@type":"ListItem","@id":"https:\/\/www.unispedag.it\/en#listItem","position":1,"name":"Home","item":"https:\/\/www.unispedag.it\/en","nextItem":{"@type":"ListItem","@id":"https:\/\/www.unispedag.it\/en\/category\/latest-articles\/#listItem","name":"Ultimi Articoli"}},{"@type":"ListItem","@id":"https:\/\/www.unispedag.it\/en\/category\/latest-articles\/#listItem","position":2,"name":"Ultimi Articoli","item":"https:\/\/www.unispedag.it\/en\/category\/latest-articles\/","nextItem":{"@type":"ListItem","@id":"https:\/\/www.unispedag.it\/en\/2026\/01\/15\/napoli-e-salerno-ridisegnano-il-futuro-tra-intermodalit-e-sostenibilit\/#listItem","name":"Napoli e Salerno ridisegnano il futuro tra intermodalit\u00e0 e sostenibilit\u00e0"},"previousItem":{"@type":"ListItem","@id":"https:\/\/www.unispedag.it\/en#listItem","name":"Home"}},{"@type":"ListItem","@id":"https:\/\/www.unispedag.it\/en\/2026\/01\/15\/napoli-e-salerno-ridisegnano-il-futuro-tra-intermodalit-e-sostenibilit\/#listItem","position":3,"name":"Napoli e Salerno ridisegnano il futuro tra intermodalit\u00e0 e sostenibilit\u00e0","previousItem":{"@type":"ListItem","@id":"https:\/\/www.unispedag.it\/en\/category\/latest-articles\/#listItem","name":"Ultimi Articoli"}}]},{"@type":"Organization","@id":"https:\/\/www.unispedag.it\/en\/#organization","name":"UNISPED A.G.","description":"UNISPED AG - Spedizioni internazionali - International forwarding","url":"https:\/\/www.unispedag.it\/en\/"},{"@type":"Person","@id":"https:\/\/www.unispedag.it\/en\/author\/uag2a-wg4zert89339opfgterrnm897145yhusddw43z\/#author","url":"https:\/\/www.unispedag.it\/en\/author\/uag2a-wg4zert89339opfgterrnm897145yhusddw43z\/","name":"Redazione","image":{"@type":"ImageObject","@id":"https:\/\/www.unispedag.it\/en\/2026\/01\/15\/napoli-e-salerno-ridisegnano-il-futuro-tra-intermodalit-e-sostenibilit\/#authorImage","url":"https:\/\/secure.gravatar.com\/avatar\/5f51b38d280ffaa6eec99c1250bf861cc322d1635c2680b43bd01bc37235aa22?s=96&d=mm&r=g","width":96,"height":96,"caption":"Redazione"}},{"@type":"WebPage","@id":"https:\/\/www.unispedag.it\/en\/2026\/01\/15\/napoli-e-salerno-ridisegnano-il-futuro-tra-intermodalit-e-sostenibilit\/#webpage","url":"https:\/\/www.unispedag.it\/en\/2026\/01\/15\/napoli-e-salerno-ridisegnano-il-futuro-tra-intermodalit-e-sostenibilit\/","name":"Napoli e Salerno ridisegnano il futuro tra intermodalit\u00e0 e sostenibilit\u00e0 | UNISPED A.G.","inLanguage":"en-GB","isPartOf":{"@id":"https:\/\/www.unispedag.it\/en\/#website"},"breadcrumb":{"@id":"https:\/\/www.unispedag.it\/en\/2026\/01\/15\/napoli-e-salerno-ridisegnano-il-futuro-tra-intermodalit-e-sostenibilit\/#breadcrumblist"},"author":{"@id":"https:\/\/www.unispedag.it\/en\/author\/uag2a-wg4zert89339opfgterrnm897145yhusddw43z\/#author"},"creator":{"@id":"https:\/\/www.unispedag.it\/en\/author\/uag2a-wg4zert89339opfgterrnm897145yhusddw43z\/#author"},"image":{"@type":"ImageObject","url":"https:\/\/www.unispedag.it\/wp-content\/uploads\/2025\/10\/Porto-di-Salerno1920x1280.webp","@id":"https:\/\/www.unispedag.it\/en\/2026\/01\/15\/napoli-e-salerno-ridisegnano-il-futuro-tra-intermodalit-e-sostenibilit\/#mainImage","width":1920,"height":1280},"primaryImageOfPage":{"@id":"https:\/\/www.unispedag.it\/en\/2026\/01\/15\/napoli-e-salerno-ridisegnano-il-futuro-tra-intermodalit-e-sostenibilit\/#mainImage"},"datePublished":"2026-01-15T09:22:39+01:00","dateModified":"2026-01-15T09:23:58+01:00"},{"@type":"WebSite","@id":"https:\/\/www.unispedag.it\/en\/#website","url":"https:\/\/www.unispedag.it\/en\/","name":"UNISPED A.G.","description":"UNISPED AG - Spedizioni internazionali - International forwarding","inLanguage":"en-GB","publisher":{"@id":"https:\/\/www.unispedag.it\/en\/#organization"}}]}},"aioseo_meta_data":{"post_id":"2553","title":null,"description":null,"keywords":null,"keyphrases":{"focus":[],"additional":[]},"primary_term":null,"canonical_url":null,"og_title":null,"og_description":null,"og_object_type":"default","og_image_type":"default","og_image_url":null,"og_image_width":null,"og_image_height":null,"og_image_custom_url":null,"og_image_custom_fields":null,"og_video":"","og_custom_url":null,"og_article_section":null,"og_article_tags":null,"twitter_use_og":false,"twitter_card":"default","twitter_image_type":"default","twitter_image_url":null,"twitter_image_custom_url":null,"twitter_image_custom_fields":null,"twitter_title":null,"twitter_description":null,"schema":{"blockGraphs":[],"customGraphs":[],"default":{"data":{"Article":[],"Course":[],"Dataset":[],"FAQPage":[],"Movie":[],"Person":[],"Product":[],"ProductReview":[],"Car":[],"Recipe":[],"Service":[],"SoftwareApplication":[],"WebPage":[]},"graphName":"Article","isEnabled":true},"graphs":[]},"schema_type":"default","schema_type_options":null,"pillar_content":false,"robots_default":true,"robots_noindex":false,"robots_noarchive":false,"robots_nosnippet":false,"robots_nofollow":false,"robots_noimageindex":false,"robots_noodp":false,"robots_notranslate":false,"robots_max_snippet":"-1","robots_max_videopreview":"-1","robots_max_imagepreview":"large","priority":null,"frequency":"default","location":null,"local_seo":null,"breadcrumb_settings":null,"limit_modified_date":false,"ai":{"faqs":[],"keyPoints":[],"titles":[],"descriptions":[],"socialPosts":{"email":[],"linkedin":[],"twitter":[],"facebook":[],"instagram":[]}},"created":"2026-01-15 08:22:43","updated":"2026-08-24 10:11:33","seo_analyzer_scan_date":null,"focus_keyword":null,"additional_keywords":null,"truseo_locale":null},"aioseo_breadcrumb":"<div class=\"aioseo-breadcrumbs\"><span class=\"aioseo-breadcrumb\">\n\t\t\t<a href=\"https:\/\/www.unispedag.it\/en\" title=\"Home\">Home<\/a>\n\t\t<\/span><span class=\"aioseo-breadcrumb-separator\">&raquo;<\/span><span class=\"aioseo-breadcrumb\">\n\t\t\t<a href=\"https:\/\/www.unispedag.it\/en\/category\/latest-articles\/\" title=\"Ultimi Articoli\">Ultimi Articoli<\/a>\n\t\t<\/span><span class=\"aioseo-breadcrumb-separator\">&raquo;<\/span><span class=\"aioseo-breadcrumb\">\n\t\t\tNapoli e Salerno ridisegnano il futuro tra intermodalit\u00e0 e sostenibilit\u00e0\n\t\t<\/span><\/div>","aioseo_breadcrumb_json":[{"label":"Home","link":"https:\/\/www.unispedag.it\/en"},{"label":"Ultimi Articoli","link":"https:\/\/www.unispedag.it\/en\/category\/latest-articles\/"},{"label":"Napoli e Salerno ridisegnano il futuro tra intermodalit\u00e0 e sostenibilit\u00e0","link":"https:\/\/www.unispedag.it\/en\/2026\/01\/15\/napoli-e-salerno-ridisegnano-il-futuro-tra-intermodalit-e-sostenibilit\/"}],"_links":{"self":[{"href":"https:\/\/www.unispedag.it\/en\/wp-json\/wp\/v2\/posts\/2553","targetHints":{"allow":["GET"]}}],"collection":[{"href":"https:\/\/www.unispedag.it\/en\/wp-json\/wp\/v2\/posts"}],"about":[{"href":"https:\/\/www.unispedag.it\/en\/wp-json\/wp\/v2\/types\/post"}],"author":[{"embeddable":true,"href":"https:\/\/www.unispedag.it\/en\/wp-json\/wp\/v2\/users\/1"}],"replies":[{"embeddable":true,"href":"https:\/\/www.unispedag.it\/en\/wp-json\/wp\/v2\/comments?post=2553"}],"version-history":[{"count":1,"href":"https:\/\/www.unispedag.it\/en\/wp-json\/wp\/v2\/posts\/2553\/revisions"}],"predecessor-version":[{"id":2554,"href":"https:\/\/www.unispedag.it\/en\/wp-json\/wp\/v2\/posts\/2553\/revisions\/2554"}],"wp:featuredmedia":[{"embeddable":true,"href":"https:\/\/www.unispedag.it\/en\/wp-json\/wp\/v2\/media\/2535"}],"wp:attachment":[{"href":"https:\/\/www.unispedag.it\/en\/wp-json\/wp\/v2\/media?parent=2553"}],"wp:term":[{"taxonomy":"category","embeddable":true,"href":"https:\/\/www.unispedag.it\/en\/wp-json\/wp\/v2\/categories?post=2553"},{"taxonomy":"post_tag","embeddable":true,"href":"https:\/\/www.unispedag.it\/en\/wp-json\/wp\/v2\/tags?post=2553"}],"curies":[{"name":"wp","href":"https:\/\/api.w.org\/{rel}","templated":true}]}}