{"id":2596,"date":"2026-08-24T12:11:54","date_gmt":"2026-08-24T10:11:54","guid":{"rendered":"https:\/\/www.unispedag.it\/?p=2596"},"modified":"2026-08-24T12:17:34","modified_gmt":"2026-08-24T10:17:34","slug":"e-commerce-il-nuovo-dazio-da-3-euro-cambia-le-importazioni-di-modico-valore","status":"publish","type":"post","link":"https:\/\/www.unispedag.it\/en\/2026\/08\/24\/e-commerce-il-nuovo-dazio-da-3-euro-cambia-le-importazioni-di-modico-valore\/","title":{"rendered":"E-commerce: il nuovo dazio da 3 euro cambia le importazioni di modico valore"},"content":{"rendered":"<div class=\"fusion-fullwidth fullwidth-box fusion-builder-row-1 nonhundred-percent-fullwidth non-hundred-percent-height-scrolling\" style=\"--awb-background-position:left top;--awb-border-sizes-top:0px;--awb-border-sizes-bottom:0px;--awb-border-sizes-left:0px;--awb-border-sizes-right:0px;--awb-border-radius-top-left:0px;--awb-border-radius-top-right:0px;--awb-border-radius-bottom-right:0px;--awb-border-radius-bottom-left:0px;--awb-padding-top:0px;--awb-padding-bottom:20px;--awb-flex-wrap:wrap;\" ><div class=\"fusion-builder-row fusion-row\"><div class=\"fusion-layout-column fusion_builder_column fusion-builder-column-0 fusion_builder_column_1_1 1_1 fusion-one-full fusion-column-first fusion-column-last\" style=\"--awb-padding-right:10%;--awb-padding-left:10%;--awb-bg-size:cover;\"><div class=\"fusion-column-wrapper fusion-flex-column-wrapper-legacy\"><div class=\"fusion-image-element fusion-image-align-center in-legacy-container\" style=\"text-align:center;--awb-liftup-border-radius:0px;--awb-caption-title-font-family:var(--h2_typography-font-family);--awb-caption-title-font-weight:var(--h2_typography-font-weight);--awb-caption-title-font-style:var(--h2_typography-font-style);--awb-caption-title-size:var(--h2_typography-font-size);--awb-caption-title-transform:var(--h2_typography-text-transform);--awb-caption-title-line-height:var(--h2_typography-line-height);--awb-caption-title-letter-spacing:var(--h2_typography-letter-spacing);\"><div class=\"imageframe-align-center\"><div class=\"awb-image-frame awb-image-frame-1 imageframe-liftup\"><span class=\" fusion-imageframe imageframe-none imageframe-1\"><a href=\"https:\/\/www.unispedag.it\/wp-content\/uploads\/2026\/08\/2026-Unisped-dazio-3e.webp\" class=\"fusion-lightbox\" data-rel=\"iLightbox[9dc2e432de8d3d58f1f]\" data-title=\"2026 Unisped dazio 3e\" title=\"2026 Unisped dazio 3e\"><img decoding=\"async\" width=\"1536\" height=\"1024\" src=\"https:\/\/www.unispedag.it\/wp-content\/uploads\/2026\/08\/2026-Unisped-dazio-3e.webp\" alt class=\"img-responsive wp-image-2599\" srcset=\"https:\/\/www.unispedag.it\/wp-content\/uploads\/2026\/08\/2026-Unisped-dazio-3e-200x133.webp 200w, https:\/\/www.unispedag.it\/wp-content\/uploads\/2026\/08\/2026-Unisped-dazio-3e-400x267.webp 400w, https:\/\/www.unispedag.it\/wp-content\/uploads\/2026\/08\/2026-Unisped-dazio-3e-600x400.webp 600w, https:\/\/www.unispedag.it\/wp-content\/uploads\/2026\/08\/2026-Unisped-dazio-3e-800x533.webp 800w, https:\/\/www.unispedag.it\/wp-content\/uploads\/2026\/08\/2026-Unisped-dazio-3e-1200x800.webp 1200w, https:\/\/www.unispedag.it\/wp-content\/uploads\/2026\/08\/2026-Unisped-dazio-3e.webp 1536w\" sizes=\"(max-width: 1000px) 100vw, 1200px\" \/><\/a><\/span><\/div><\/div><\/div><div class=\"fusion-sep-clear\"><\/div><div class=\"fusion-separator fusion-full-width-sep\" style=\"margin-left: auto;margin-right: auto;margin-top:50px;width:100%;\"><\/div><div class=\"fusion-sep-clear\"><\/div><div class=\"fusion-text fusion-text-1\"><p><span class=\"fusion-dropcap dropcap dropcap-boxed N\" style=\"--awb-border-radius:50%;\">D<\/span>al <strong>1\u00b0 luglio 2026<\/strong> le spedizioni e-commerce di modico valore provenienti da Paesi extra-UE sono entrate in una nuova fase. L\u2019Unione europea ha infatti eliminato la precedente franchigia dai dazi per le spedizioni fino a 150 euro, introducendo un <strong>dazio doganale temporaneo di 3 euro per articolo<\/strong>. La misura rester\u00e0 in vigore, salvo modifiche, fino al <strong>1\u00b0 luglio 2028<\/strong>.<\/p>\n<p class=\"isSelectedEnd\">\u00c8 importante chiarire che i 3 euro non vengono applicati semplicemente a ogni singolo pezzo contenuto nel pacco. Il calcolo avviene in base alla <strong>tipologia di articolo individuata attraverso la classificazione tariffaria<\/strong>. ADM riporta un esempio particolarmente chiaro: una spedizione contenente cinque magliette della stessa tipologia comporta un dazio di 3 euro, mentre una spedizione con una maglietta e un orologio comporta un dazio di 6 euro, perch\u00e9 sono presenti due differenti tipologie di articolo.<\/p>\n<p class=\"isSelectedEnd\">Il nuovo regime riguarda le merci vendute a distanza, spedite da Paesi terzi e contenute in spedizioni con valore intrinseco complessivo non superiore a 150 euro, secondo le condizioni previste dalla normativa europea. Il pagamento ricade sul dichiarante doganale, che pu\u00f2 essere il venditore, l\u2019importatore, il titolare IOSS o, nei casi previsti, il rappresentante indiretto.<\/p>\n<p class=\"isSelectedEnd\">La scelta europea nasce anche dall\u2019enorme crescita dell\u2019e-commerce internazionale. Nel solo 2025 sono entrati nell\u2019UE quasi <strong>5,9 miliardi di articoli di modico valore<\/strong> provenienti da Paesi terzi. Secondo ADM, questo aumento dei volumi ha reso ormai superato un sistema di esenzione nato quando la gestione amministrativa di milioni di piccoli invii sarebbe stata sproporzionata rispetto al valore delle merci.<\/p>\n<p class=\"isSelectedEnd\">Ma il dazio da 3 euro \u00e8 soltanto una delle novit\u00e0. Dal <strong>1\u00b0 novembre 2026<\/strong> \u00e8 previsto un ulteriore passaggio: diventer\u00e0 obbligatorio l\u2019utilizzo dei <strong>Product Identifiers (PID)<\/strong>, gi\u00e0 dichiarabili su base volontaria dal 1\u00b0 luglio. Questi codici consentiranno una pi\u00f9 precisa identificazione dei prodotti e contribuiranno a rafforzare tracciabilit\u00e0 e controlli sulle merci non conformi o potenzialmente pericolose.<\/p>\n<p>Per importatori, marketplace e operatori della logistica internazionale, il cambiamento \u00e8 quindi pi\u00f9 ampio del semplice costo aggiuntivo di 3 euro. <strong>Classificazione tariffaria, qualit\u00e0 dei dati, identificazione delle merci e correttezza della dichiarazione doganale diventano elementi sempre pi\u00f9 centrali nella gestione delle spedizioni e-commerce.<\/strong><\/p>\n<\/div><div class=\"fusion-sep-clear\"><\/div><div class=\"fusion-separator fusion-full-width-sep\" style=\"margin-left: auto;margin-right: auto;margin-top:30px;width:100%;\"><\/div><div class=\"fusion-sep-clear\"><\/div><div class=\"fusion-clearfix\"><\/div><\/div><\/div><\/div><\/div>\n","protected":false},"excerpt":{"rendered":"<p>Dal 1\u00b0 luglio 2026 le spedizioni e-commerce di valore fino a 150 euro provenienti da Paesi extra-UE sono soggette a un nuovo dazio doganale temporaneo di 3 euro per articolo, calcolato in base alla classificazione tariffaria delle merci. La misura anticipa un ulteriore cambiamento previsto dal 1\u00b0 novembre 2026, quando diventeranno obbligatori i Product Identifiers (PID). Per importatori, marketplace e operatori logistici aumentano quindi l\u2019importanza della corretta identificazione dei prodotti, della qualit\u00e0 dei dati e della gestione professionale delle procedure doganali&#8230;<\/p>","protected":false},"author":1,"featured_media":2599,"comment_status":"open","ping_status":"open","sticky":false,"template":"","format":"standard","meta":{"footnotes":""},"categories":[17,3],"tags":[99,69,373,374,274],"class_list":["post-2596","post","type-post","status-publish","format-standard","has-post-thumbnail","hentry","category-logistica","category-latest-articles","tag-dazi-doganali","tag-e-commerce","tag-importazioni-extra-ue","tag-logistica-doganale","tag-spedizioni-internazionali"],"aioseo_notices":[],"aioseo_head":"\n\t\t<!-- All in One SEO 5.0.0.1 - aioseo.com -->\n\t<meta name=\"robots\" content=\"max-image-preview:large\" \/>\n\t<meta name=\"author\" content=\"Redazione\"\/>\n\t<link rel=\"canonical\" href=\"https:\/\/www.unispedag.it\/en\/2026\/08\/24\/e-commerce-il-nuovo-dazio-da-3-euro-cambia-le-importazioni-di-modico-valore\/\" \/>\n\t<meta name=\"generator\" content=\"All in One SEO (AIOSEO) 5.0.0.1\" \/>\n\t\t<script type=\"application\/ld+json\" class=\"aioseo-schema\">\n\t\t\t{\"@context\":\"https:\\\/\\\/schema.org\",\"@graph\":[{\"@type\":\"Article\",\"@id\":\"https:\\\/\\\/www.unispedag.it\\\/en\\\/2026\\\/08\\\/24\\\/e-commerce-il-nuovo-dazio-da-3-euro-cambia-le-importazioni-di-modico-valore\\\/#article\",\"name\":\"E-commerce: il nuovo dazio da 3 euro cambia le importazioni di modico valore | UNISPED A.G.\",\"headline\":\"E-commerce: il nuovo dazio da 3 euro cambia le importazioni di modico valore\",\"author\":{\"@id\":\"https:\\\/\\\/www.unispedag.it\\\/en\\\/author\\\/uag2a-wg4zert89339opfgterrnm897145yhusddw43z\\\/#author\"},\"publisher\":{\"@id\":\"https:\\\/\\\/www.unispedag.it\\\/en\\\/#organization\"},\"image\":{\"@type\":\"ImageObject\",\"url\":\"https:\\\/\\\/www.unispedag.it\\\/wp-content\\\/uploads\\\/2026\\\/08\\\/2026-Unisped-dazio-3e.webp\",\"width\":1536,\"height\":1024},\"datePublished\":\"2026-08-24T12:11:54+02:00\",\"dateModified\":\"2026-08-24T12:17:34+02:00\",\"inLanguage\":\"en-GB\",\"mainEntityOfPage\":{\"@id\":\"https:\\\/\\\/www.unispedag.it\\\/en\\\/2026\\\/08\\\/24\\\/e-commerce-il-nuovo-dazio-da-3-euro-cambia-le-importazioni-di-modico-valore\\\/#webpage\"},\"isPartOf\":{\"@id\":\"https:\\\/\\\/www.unispedag.it\\\/en\\\/2026\\\/08\\\/24\\\/e-commerce-il-nuovo-dazio-da-3-euro-cambia-le-importazioni-di-modico-valore\\\/#webpage\"},\"articleSection\":\"Logistica, Ultimi Articoli, dazi doganali, e-commerce, importazioni extra-UE, logistica doganale, spedizioni internazionali\"},{\"@type\":\"BreadcrumbList\",\"@id\":\"https:\\\/\\\/www.unispedag.it\\\/en\\\/2026\\\/08\\\/24\\\/e-commerce-il-nuovo-dazio-da-3-euro-cambia-le-importazioni-di-modico-valore\\\/#breadcrumblist\",\"itemListElement\":[{\"@type\":\"ListItem\",\"@id\":\"https:\\\/\\\/www.unispedag.it\\\/en#listItem\",\"position\":1,\"name\":\"Home\",\"item\":\"https:\\\/\\\/www.unispedag.it\\\/en\",\"nextItem\":{\"@type\":\"ListItem\",\"@id\":\"https:\\\/\\\/www.unispedag.it\\\/en\\\/category\\\/latest-articles\\\/#listItem\",\"name\":\"Ultimi Articoli\"}},{\"@type\":\"ListItem\",\"@id\":\"https:\\\/\\\/www.unispedag.it\\\/en\\\/category\\\/latest-articles\\\/#listItem\",\"position\":2,\"name\":\"Ultimi Articoli\",\"item\":\"https:\\\/\\\/www.unispedag.it\\\/en\\\/category\\\/latest-articles\\\/\",\"nextItem\":{\"@type\":\"ListItem\",\"@id\":\"https:\\\/\\\/www.unispedag.it\\\/en\\\/2026\\\/08\\\/24\\\/e-commerce-il-nuovo-dazio-da-3-euro-cambia-le-importazioni-di-modico-valore\\\/#listItem\",\"name\":\"E-commerce: il nuovo dazio da 3 euro cambia le importazioni di modico valore\"},\"previousItem\":{\"@type\":\"ListItem\",\"@id\":\"https:\\\/\\\/www.unispedag.it\\\/en#listItem\",\"name\":\"Home\"}},{\"@type\":\"ListItem\",\"@id\":\"https:\\\/\\\/www.unispedag.it\\\/en\\\/2026\\\/08\\\/24\\\/e-commerce-il-nuovo-dazio-da-3-euro-cambia-le-importazioni-di-modico-valore\\\/#listItem\",\"position\":3,\"name\":\"E-commerce: il nuovo dazio da 3 euro cambia le importazioni di modico valore\",\"previousItem\":{\"@type\":\"ListItem\",\"@id\":\"https:\\\/\\\/www.unispedag.it\\\/en\\\/category\\\/latest-articles\\\/#listItem\",\"name\":\"Ultimi Articoli\"}}]},{\"@type\":\"Organization\",\"@id\":\"https:\\\/\\\/www.unispedag.it\\\/en\\\/#organization\",\"name\":\"UNISPED A.G.\",\"description\":\"UNISPED AG - Spedizioni internazionali - International forwarding\",\"url\":\"https:\\\/\\\/www.unispedag.it\\\/en\\\/\"},{\"@type\":\"Person\",\"@id\":\"https:\\\/\\\/www.unispedag.it\\\/en\\\/author\\\/uag2a-wg4zert89339opfgterrnm897145yhusddw43z\\\/#author\",\"url\":\"https:\\\/\\\/www.unispedag.it\\\/en\\\/author\\\/uag2a-wg4zert89339opfgterrnm897145yhusddw43z\\\/\",\"name\":\"Redazione\",\"image\":{\"@type\":\"ImageObject\",\"@id\":\"https:\\\/\\\/www.unispedag.it\\\/en\\\/2026\\\/08\\\/24\\\/e-commerce-il-nuovo-dazio-da-3-euro-cambia-le-importazioni-di-modico-valore\\\/#authorImage\",\"url\":\"https:\\\/\\\/secure.gravatar.com\\\/avatar\\\/5f51b38d280ffaa6eec99c1250bf861cc322d1635c2680b43bd01bc37235aa22?s=96&d=mm&r=g\",\"width\":96,\"height\":96,\"caption\":\"Redazione\"}},{\"@type\":\"WebPage\",\"@id\":\"https:\\\/\\\/www.unispedag.it\\\/en\\\/2026\\\/08\\\/24\\\/e-commerce-il-nuovo-dazio-da-3-euro-cambia-le-importazioni-di-modico-valore\\\/#webpage\",\"url\":\"https:\\\/\\\/www.unispedag.it\\\/en\\\/2026\\\/08\\\/24\\\/e-commerce-il-nuovo-dazio-da-3-euro-cambia-le-importazioni-di-modico-valore\\\/\",\"name\":\"E-commerce: il nuovo dazio da 3 euro cambia le importazioni di modico valore | UNISPED A.G.\",\"inLanguage\":\"en-GB\",\"isPartOf\":{\"@id\":\"https:\\\/\\\/www.unispedag.it\\\/en\\\/#website\"},\"breadcrumb\":{\"@id\":\"https:\\\/\\\/www.unispedag.it\\\/en\\\/2026\\\/08\\\/24\\\/e-commerce-il-nuovo-dazio-da-3-euro-cambia-le-importazioni-di-modico-valore\\\/#breadcrumblist\"},\"author\":{\"@id\":\"https:\\\/\\\/www.unispedag.it\\\/en\\\/author\\\/uag2a-wg4zert89339opfgterrnm897145yhusddw43z\\\/#author\"},\"creator\":{\"@id\":\"https:\\\/\\\/www.unispedag.it\\\/en\\\/author\\\/uag2a-wg4zert89339opfgterrnm897145yhusddw43z\\\/#author\"},\"image\":{\"@type\":\"ImageObject\",\"url\":\"https:\\\/\\\/www.unispedag.it\\\/wp-content\\\/uploads\\\/2026\\\/08\\\/2026-Unisped-dazio-3e.webp\",\"@id\":\"https:\\\/\\\/www.unispedag.it\\\/en\\\/2026\\\/08\\\/24\\\/e-commerce-il-nuovo-dazio-da-3-euro-cambia-le-importazioni-di-modico-valore\\\/#mainImage\",\"width\":1536,\"height\":1024},\"primaryImageOfPage\":{\"@id\":\"https:\\\/\\\/www.unispedag.it\\\/en\\\/2026\\\/08\\\/24\\\/e-commerce-il-nuovo-dazio-da-3-euro-cambia-le-importazioni-di-modico-valore\\\/#mainImage\"},\"datePublished\":\"2026-08-24T12:11:54+02:00\",\"dateModified\":\"2026-08-24T12:17:34+02:00\"},{\"@type\":\"WebSite\",\"@id\":\"https:\\\/\\\/www.unispedag.it\\\/en\\\/#website\",\"url\":\"https:\\\/\\\/www.unispedag.it\\\/en\\\/\",\"name\":\"UNISPED A.G.\",\"description\":\"UNISPED AG - Spedizioni internazionali - International forwarding\",\"inLanguage\":\"en-GB\",\"publisher\":{\"@id\":\"https:\\\/\\\/www.unispedag.it\\\/en\\\/#organization\"}}]}\n\t\t<\/script>\n\t\t<!-- All in One SEO -->\n\n","aioseo_head_json":{"title":"E-commerce: il nuovo dazio da 3 euro cambia le importazioni di modico valore | UNISPED A.G.","description":"","canonical_url":"https:\/\/www.unispedag.it\/en\/2026\/08\/24\/e-commerce-il-nuovo-dazio-da-3-euro-cambia-le-importazioni-di-modico-valore\/","robots":"max-image-preview:large","keywords":"","webmasterTools":{"miscellaneous":""},"schema":{"@context":"https:\/\/schema.org","@graph":[{"@type":"Article","@id":"https:\/\/www.unispedag.it\/en\/2026\/08\/24\/e-commerce-il-nuovo-dazio-da-3-euro-cambia-le-importazioni-di-modico-valore\/#article","name":"E-commerce: il nuovo dazio da 3 euro cambia le importazioni di modico valore | UNISPED A.G.","headline":"E-commerce: il nuovo dazio da 3 euro cambia le importazioni di modico valore","author":{"@id":"https:\/\/www.unispedag.it\/en\/author\/uag2a-wg4zert89339opfgterrnm897145yhusddw43z\/#author"},"publisher":{"@id":"https:\/\/www.unispedag.it\/en\/#organization"},"image":{"@type":"ImageObject","url":"https:\/\/www.unispedag.it\/wp-content\/uploads\/2026\/08\/2026-Unisped-dazio-3e.webp","width":1536,"height":1024},"datePublished":"2026-08-24T12:11:54+02:00","dateModified":"2026-08-24T12:17:34+02:00","inLanguage":"en-GB","mainEntityOfPage":{"@id":"https:\/\/www.unispedag.it\/en\/2026\/08\/24\/e-commerce-il-nuovo-dazio-da-3-euro-cambia-le-importazioni-di-modico-valore\/#webpage"},"isPartOf":{"@id":"https:\/\/www.unispedag.it\/en\/2026\/08\/24\/e-commerce-il-nuovo-dazio-da-3-euro-cambia-le-importazioni-di-modico-valore\/#webpage"},"articleSection":"Logistica, Ultimi Articoli, dazi doganali, e-commerce, importazioni extra-UE, logistica doganale, spedizioni internazionali"},{"@type":"BreadcrumbList","@id":"https:\/\/www.unispedag.it\/en\/2026\/08\/24\/e-commerce-il-nuovo-dazio-da-3-euro-cambia-le-importazioni-di-modico-valore\/#breadcrumblist","itemListElement":[{"@type":"ListItem","@id":"https:\/\/www.unispedag.it\/en#listItem","position":1,"name":"Home","item":"https:\/\/www.unispedag.it\/en","nextItem":{"@type":"ListItem","@id":"https:\/\/www.unispedag.it\/en\/category\/latest-articles\/#listItem","name":"Ultimi Articoli"}},{"@type":"ListItem","@id":"https:\/\/www.unispedag.it\/en\/category\/latest-articles\/#listItem","position":2,"name":"Ultimi Articoli","item":"https:\/\/www.unispedag.it\/en\/category\/latest-articles\/","nextItem":{"@type":"ListItem","@id":"https:\/\/www.unispedag.it\/en\/2026\/08\/24\/e-commerce-il-nuovo-dazio-da-3-euro-cambia-le-importazioni-di-modico-valore\/#listItem","name":"E-commerce: il nuovo dazio da 3 euro cambia le importazioni di modico valore"},"previousItem":{"@type":"ListItem","@id":"https:\/\/www.unispedag.it\/en#listItem","name":"Home"}},{"@type":"ListItem","@id":"https:\/\/www.unispedag.it\/en\/2026\/08\/24\/e-commerce-il-nuovo-dazio-da-3-euro-cambia-le-importazioni-di-modico-valore\/#listItem","position":3,"name":"E-commerce: il nuovo dazio da 3 euro cambia le importazioni di modico valore","previousItem":{"@type":"ListItem","@id":"https:\/\/www.unispedag.it\/en\/category\/latest-articles\/#listItem","name":"Ultimi Articoli"}}]},{"@type":"Organization","@id":"https:\/\/www.unispedag.it\/en\/#organization","name":"UNISPED A.G.","description":"UNISPED AG - Spedizioni internazionali - International forwarding","url":"https:\/\/www.unispedag.it\/en\/"},{"@type":"Person","@id":"https:\/\/www.unispedag.it\/en\/author\/uag2a-wg4zert89339opfgterrnm897145yhusddw43z\/#author","url":"https:\/\/www.unispedag.it\/en\/author\/uag2a-wg4zert89339opfgterrnm897145yhusddw43z\/","name":"Redazione","image":{"@type":"ImageObject","@id":"https:\/\/www.unispedag.it\/en\/2026\/08\/24\/e-commerce-il-nuovo-dazio-da-3-euro-cambia-le-importazioni-di-modico-valore\/#authorImage","url":"https:\/\/secure.gravatar.com\/avatar\/5f51b38d280ffaa6eec99c1250bf861cc322d1635c2680b43bd01bc37235aa22?s=96&d=mm&r=g","width":96,"height":96,"caption":"Redazione"}},{"@type":"WebPage","@id":"https:\/\/www.unispedag.it\/en\/2026\/08\/24\/e-commerce-il-nuovo-dazio-da-3-euro-cambia-le-importazioni-di-modico-valore\/#webpage","url":"https:\/\/www.unispedag.it\/en\/2026\/08\/24\/e-commerce-il-nuovo-dazio-da-3-euro-cambia-le-importazioni-di-modico-valore\/","name":"E-commerce: il nuovo dazio da 3 euro cambia le importazioni di modico valore | UNISPED A.G.","inLanguage":"en-GB","isPartOf":{"@id":"https:\/\/www.unispedag.it\/en\/#website"},"breadcrumb":{"@id":"https:\/\/www.unispedag.it\/en\/2026\/08\/24\/e-commerce-il-nuovo-dazio-da-3-euro-cambia-le-importazioni-di-modico-valore\/#breadcrumblist"},"author":{"@id":"https:\/\/www.unispedag.it\/en\/author\/uag2a-wg4zert89339opfgterrnm897145yhusddw43z\/#author"},"creator":{"@id":"https:\/\/www.unispedag.it\/en\/author\/uag2a-wg4zert89339opfgterrnm897145yhusddw43z\/#author"},"image":{"@type":"ImageObject","url":"https:\/\/www.unispedag.it\/wp-content\/uploads\/2026\/08\/2026-Unisped-dazio-3e.webp","@id":"https:\/\/www.unispedag.it\/en\/2026\/08\/24\/e-commerce-il-nuovo-dazio-da-3-euro-cambia-le-importazioni-di-modico-valore\/#mainImage","width":1536,"height":1024},"primaryImageOfPage":{"@id":"https:\/\/www.unispedag.it\/en\/2026\/08\/24\/e-commerce-il-nuovo-dazio-da-3-euro-cambia-le-importazioni-di-modico-valore\/#mainImage"},"datePublished":"2026-08-24T12:11:54+02:00","dateModified":"2026-08-24T12:17:34+02:00"},{"@type":"WebSite","@id":"https:\/\/www.unispedag.it\/en\/#website","url":"https:\/\/www.unispedag.it\/en\/","name":"UNISPED A.G.","description":"UNISPED AG - Spedizioni internazionali - International forwarding","inLanguage":"en-GB","publisher":{"@id":"https:\/\/www.unispedag.it\/en\/#organization"}}]}},"aioseo_meta_data":{"post_id":"2596","title":null,"description":null,"keywords":null,"keyphrases":{"focus":{"keyphrase":"","score":0,"analysis":{"keyphraseInTitle":{"score":0,"maxScore":9,"error":1}}},"additional":[]},"primary_term":null,"canonical_url":null,"og_title":null,"og_description":null,"og_object_type":"default","og_image_type":"default","og_image_url":null,"og_image_width":null,"og_image_height":null,"og_image_custom_url":null,"og_image_custom_fields":null,"og_video":"","og_custom_url":null,"og_article_section":null,"og_article_tags":null,"twitter_use_og":false,"twitter_card":"default","twitter_image_type":"default","twitter_image_url":null,"twitter_image_custom_url":null,"twitter_image_custom_fields":null,"twitter_title":null,"twitter_description":null,"schema":{"blockGraphs":[],"customGraphs":[],"default":{"data":{"Article":[],"Course":[],"Dataset":[],"FAQPage":[],"Movie":[],"Person":[],"Product":[],"ProductReview":[],"Car":[],"Recipe":[],"Service":[],"SoftwareApplication":[],"WebPage":[]},"graphName":"Article","isEnabled":true},"graphs":[]},"schema_type":"default","schema_type_options":null,"pillar_content":false,"robots_default":true,"robots_noindex":false,"robots_noarchive":false,"robots_nosnippet":false,"robots_nofollow":false,"robots_noimageindex":false,"robots_noodp":false,"robots_notranslate":false,"robots_max_snippet":"-1","robots_max_videopreview":"-1","robots_max_imagepreview":"large","priority":null,"frequency":"default","location":null,"local_seo":null,"breadcrumb_settings":null,"limit_modified_date":false,"ai":{"faqs":[],"keyPoints":[],"schemas":[],"titles":[],"descriptions":[],"socialPosts":{"email":{"subject":"","preview":"","content":""},"linkedin":[],"twitter":[],"facebook":[],"instagram":[]}},"created":"2026-08-24 10:11:56","updated":"2026-08-24 10:19:51","seo_analyzer_scan_date":null,"focus_keyword":null,"additional_keywords":null,"truseo_locale":null},"aioseo_breadcrumb":"<div class=\"aioseo-breadcrumbs\"><span class=\"aioseo-breadcrumb\">\n\t\t\t<a href=\"https:\/\/www.unispedag.it\/en\" title=\"Home\">Home<\/a>\n\t\t<\/span><span class=\"aioseo-breadcrumb-separator\">&raquo;<\/span><span class=\"aioseo-breadcrumb\">\n\t\t\t<a href=\"https:\/\/www.unispedag.it\/en\/category\/latest-articles\/\" title=\"Ultimi Articoli\">Ultimi Articoli<\/a>\n\t\t<\/span><span class=\"aioseo-breadcrumb-separator\">&raquo;<\/span><span class=\"aioseo-breadcrumb\">\n\t\t\tE-commerce: il nuovo dazio da 3 euro cambia le importazioni di modico valore\n\t\t<\/span><\/div>","aioseo_breadcrumb_json":[{"label":"Home","link":"https:\/\/www.unispedag.it\/en"},{"label":"Ultimi Articoli","link":"https:\/\/www.unispedag.it\/en\/category\/latest-articles\/"},{"label":"E-commerce: il nuovo dazio da 3 euro cambia le importazioni di modico valore","link":"https:\/\/www.unispedag.it\/en\/2026\/08\/24\/e-commerce-il-nuovo-dazio-da-3-euro-cambia-le-importazioni-di-modico-valore\/"}],"_links":{"self":[{"href":"https:\/\/www.unispedag.it\/en\/wp-json\/wp\/v2\/posts\/2596","targetHints":{"allow":["GET"]}}],"collection":[{"href":"https:\/\/www.unispedag.it\/en\/wp-json\/wp\/v2\/posts"}],"about":[{"href":"https:\/\/www.unispedag.it\/en\/wp-json\/wp\/v2\/types\/post"}],"author":[{"embeddable":true,"href":"https:\/\/www.unispedag.it\/en\/wp-json\/wp\/v2\/users\/1"}],"replies":[{"embeddable":true,"href":"https:\/\/www.unispedag.it\/en\/wp-json\/wp\/v2\/comments?post=2596"}],"version-history":[{"count":3,"href":"https:\/\/www.unispedag.it\/en\/wp-json\/wp\/v2\/posts\/2596\/revisions"}],"predecessor-version":[{"id":2600,"href":"https:\/\/www.unispedag.it\/en\/wp-json\/wp\/v2\/posts\/2596\/revisions\/2600"}],"wp:featuredmedia":[{"embeddable":true,"href":"https:\/\/www.unispedag.it\/en\/wp-json\/wp\/v2\/media\/2599"}],"wp:attachment":[{"href":"https:\/\/www.unispedag.it\/en\/wp-json\/wp\/v2\/media?parent=2596"}],"wp:term":[{"taxonomy":"category","embeddable":true,"href":"https:\/\/www.unispedag.it\/en\/wp-json\/wp\/v2\/categories?post=2596"},{"taxonomy":"post_tag","embeddable":true,"href":"https:\/\/www.unispedag.it\/en\/wp-json\/wp\/v2\/tags?post=2596"}],"curies":[{"name":"wp","href":"https:\/\/api.w.org\/{rel}","templated":true}]}}